{"id":100891,"date":"2025-03-19T05:00:00","date_gmt":"2025-03-19T08:00:00","guid":{"rendered":"https:\/\/tvc16.com\/portal\/?p=100891"},"modified":"2025-03-18T09:06:49","modified_gmt":"2025-03-18T12:06:49","slug":"numero-de-vitimas-de-bala-perdida-no-rio-aumenta-58-em-2025","status":"publish","type":"post","link":"https:\/\/tvc16.com\/portal\/2025\/03\/19\/numero-de-vitimas-de-bala-perdida-no-rio-aumenta-58-em-2025\/","title":{"rendered":"N\u00famero de v\u00edtimas de bala perdida no Rio aumenta 58% em 2025"},"content":{"rendered":"\n<p><em>De 1\u00ba de janeiro a 16 de mar\u00e7o foram 41 registros, diz instituto<\/em><\/p>\n\n\n\n<p>Por Bruno de Freitas Moura \u2500 Rep\u00f3rter da Ag\u00eancia Brasil \/ Foto: Rio de Paz\/Divulga\u00e7\u00e3o<\/p>\n\n\n\n<p><\/p>\n\n\n\n<p><strong>Nos primeiros 75 dias deste ano, \u2500 de 1\u00ba de janeiro a 16 de mar\u00e7o \u2500<\/strong>&nbsp;<strong>41 pessoas foram v\u00edtimas de bala perdida no estado do Rio de Janeiro<\/strong>. Esse n\u00famero representa um crescimento de 58% em rela\u00e7\u00e3o aos 26 casos registrados no mesmo per\u00edodo de 2024.<img decoding=\"async\" src=\"https:\/\/agenciabrasil.ebc.com.br\/ebc.png?id=1634858&amp;o=node\"><img decoding=\"async\" src=\"https:\/\/agenciabrasil.ebc.com.br\/ebc.gif?id=1634858&amp;o=node\"><\/p>\n\n\n\n<p>A compara\u00e7\u00e3o faz parte de um levantamento divulgado nesta segunda-feira (17) pelo&nbsp;<a href=\"https:\/\/fogocruzado.org.br\/\">Instituto Fogo Cruzado<\/a>, uma institui\u00e7\u00e3o sem fins lucrativos que compila dados de tiroteios e feridos por arma de fogo em diferentes capitais brasileiras.<\/p>\n\n\n\n<p>De acordo com a metodologia do Fogo Cruzado, \u00e9 considerada v\u00edtima de bala perdida a \u201cpessoa que n\u00e3o tinha nenhuma liga\u00e7\u00e3o, participa\u00e7\u00e3o ou influ\u00eancia sobre o evento no qual houve disparo de arma de fogo, sendo, no entanto, atingida por proj\u00e9til\u201d.<\/p>\n\n\n\n<p>O estudo aponta ainda que as 41 v\u00edtimas de bala perdida representam 11,5% do total&nbsp;355 pessoas que foram baleadas no estado em 2025. Os disparos de armas de fogo deixaram, no total,&nbsp;167 v\u00edtimas&nbsp;e 188 feridos.<\/p>\n\n\n\n<p><strong>Entre as v\u00edtimas de disparos de arma de fogo est\u00e3o tr\u00eas crian\u00e7as, tr\u00eas adolescentes e sete idosos.<\/strong><\/p>\n\n\n\n<p>O Fogo Cruzado informa tamb\u00e9m que nove v\u00edtimas de bala perdida morreram e 39 ficaram feridas. Esses n\u00fameros tamb\u00e9m superam os do ano passado, quando, no mesmo per\u00edodo, tr\u00eas baleados morreram e 23 ficaram feridos.<\/p>\n\n\n\n<h2 class=\"wp-block-heading\">Opera\u00e7\u00f5es policiais<\/h2>\n\n\n\n<p>O Fogo Cruzado colhe e divulga por meio de aplicativo de celular informa\u00e7\u00f5es sobre trocas de tiro em tempo real \u2013 que s\u00e3o verificadas por analistas.&nbsp;<strong>O instituto identificou que 66% das v\u00edtimas de bala perdida nos primeiros 75 dias de 2025 foram atingidas durante a realiza\u00e7\u00e3o de opera\u00e7\u00f5es policiais<\/strong>.<\/p>\n\n\n\n<p>Ao todo, foram contabilizados 27 casos, dos quais sete terminaram com morte.<\/p>\n\n\n\n<p>J\u00e1 no mesmo per\u00edodo do ano passado, foram dez casos em opera\u00e7\u00f5es policiais (38%), sendo uma morte e nove feridos.<\/p>\n\n\n\n<h2 class=\"wp-block-heading\">Casa e escola<\/h2>\n\n\n\n<p>Os analistas do Fogo Cruzado detalham&nbsp;que<strong>&nbsp;nove pessoas foram atingidas por balas perdidas dentro de casa<\/strong>&nbsp;no estado do Rio de Janeiro em 2025, o que corresponde a 22% do total.&nbsp;Uma delas morreu.<\/p>\n\n\n\n<p>Houve tamb\u00e9m o caso de uma mulher atingida em uma escola. Alcione da Silva, de 49 anos, foi baleada dentro do campus da Funda\u00e7\u00e3o de Apoio \u00e0 Escola T\u00e9cnica (Faetec), em Quintino, bairro da zona norte carioca, na \u00faltima quarta-feira (12).<\/p>\n\n\n\n<p>Ela tinha acabado de deixar o filho na escola e foi atingida de rasp\u00e3o. \u201cNo momento em que Alcione foi atingida, havia uma a\u00e7\u00e3o policial no Morro do Sa\u00e7u, no Campinho [bairro vizinho]\u201d, frisa o Fogo Cruzado.<\/p>\n\n\n\n<p><strong>A cidade do Rio concentra 34 dos 41 casos de bala perdida em 2025<\/strong>. Os demais se distribuem por outros munic\u00edpios da regi\u00e3o metropolitana: S\u00e3o Gon\u00e7alo (4), S\u00e3o Jo\u00e3o de Meriti (2) e Maric\u00e1 (1).<\/p>\n\n\n\n<h2 class=\"wp-block-heading\">Protocolo de enfrentamento<\/h2>\n\n\n\n<p>Na avalia\u00e7\u00e3o do coordenador regional do Instituto Fogo Cruzado no Rio de Janeiro, Carlos Nhanga, a diminui\u00e7\u00e3o de casos de baleados passa pelo estado revisar protocolos de enfrentamento \u00e0 criminalidade.<\/p>\n\n\n\n<blockquote class=\"wp-block-quote is-layout-flow wp-block-quote-is-layout-flow\">\n<p>\u201cA pol\u00edcia do Rio de Janeiro mira no confronto ao inv\u00e9s de buscar por planejamento e intelig\u00eancia. H\u00e1 anos, a popula\u00e7\u00e3o permanece ref\u00e9m do medo e de opera\u00e7\u00f5es policiais que n\u00e3o reduzem a criminalidade e n\u00e3o trazem seguran\u00e7a\u201d, diz \u00e0&nbsp;<strong>Ag\u00eancia Brasil<\/strong>. \u201cO resultado \u00e9 sempre o mesmo: alto \u00edndice de letalidade. A cada tr\u00eas v\u00edtimas de balas perdidas mapeadas em 2025 pelo Fogo Cruzado, duas foram atingidas em a\u00e7\u00f5es policiais\u201d, completa.<\/p>\n<\/blockquote>\n\n\n\n<p>Procurada pela&nbsp;<strong>Ag\u00eancia Brasil<\/strong>, a Secretaria de Estado de Seguran\u00e7a P\u00fablica informou que n\u00e3o comenta sobre os dados presentes no relat\u00f3rio, \u201cuma vez que n\u00e3o tem conhecimento sobre a metodologia utilizada para sua coleta\u201d.<br><\/p>\n","protected":false},"excerpt":{"rendered":"<p>De 1\u00ba de janeiro a 16 de mar\u00e7o foram 41 registros, diz instituto Por Bruno<\/p>\n","protected":false},"author":2,"featured_media":100892,"comment_status":"open","ping_status":"open","sticky":false,"template":"","format":"standard","meta":{"footnotes":""},"categories":[17],"tags":[],"class_list":["post-100891","post","type-post","status-publish","format-standard","has-post-thumbnail","hentry","category-outras-noticias"],"_links":{"self":[{"href":"https:\/\/tvc16.com\/portal\/wp-json\/wp\/v2\/posts\/100891","targetHints":{"allow":["GET"]}}],"collection":[{"href":"https:\/\/tvc16.com\/portal\/wp-json\/wp\/v2\/posts"}],"about":[{"href":"https:\/\/tvc16.com\/portal\/wp-json\/wp\/v2\/types\/post"}],"author":[{"embeddable":true,"href":"https:\/\/tvc16.com\/portal\/wp-json\/wp\/v2\/users\/2"}],"replies":[{"embeddable":true,"href":"https:\/\/tvc16.com\/portal\/wp-json\/wp\/v2\/comments?post=100891"}],"version-history":[{"count":1,"href":"https:\/\/tvc16.com\/portal\/wp-json\/wp\/v2\/posts\/100891\/revisions"}],"predecessor-version":[{"id":100893,"href":"https:\/\/tvc16.com\/portal\/wp-json\/wp\/v2\/posts\/100891\/revisions\/100893"}],"wp:featuredmedia":[{"embeddable":true,"href":"https:\/\/tvc16.com\/portal\/wp-json\/wp\/v2\/media\/100892"}],"wp:attachment":[{"href":"https:\/\/tvc16.com\/portal\/wp-json\/wp\/v2\/media?parent=100891"}],"wp:term":[{"taxonomy":"category","embeddable":true,"href":"https:\/\/tvc16.com\/portal\/wp-json\/wp\/v2\/categories?post=100891"},{"taxonomy":"post_tag","embeddable":true,"href":"https:\/\/tvc16.com\/portal\/wp-json\/wp\/v2\/tags?post=100891"}],"curies":[{"name":"wp","href":"https:\/\/api.w.org\/{rel}","templated":true}]}}