{"id":100897,"date":"2025-03-18T09:07:34","date_gmt":"2025-03-18T12:07:34","guid":{"rendered":"https:\/\/tvc16.com\/portal\/?p=100897"},"modified":"2025-03-18T09:07:36","modified_gmt":"2025-03-18T12:07:36","slug":"prefeitura-de-petropolis-realiza-50-enquadramentos-de-profissionais-da-educacao","status":"publish","type":"post","link":"https:\/\/tvc16.com\/portal\/2025\/03\/18\/prefeitura-de-petropolis-realiza-50-enquadramentos-de-profissionais-da-educacao\/","title":{"rendered":"Prefeitura de Petr\u00f3polis realiza 50 enquadramentos de profissionais da Educa\u00e7\u00e3o"},"content":{"rendered":"\n<p>Os enquadramentos de 50 profissionais da Educa\u00e7\u00e3o foram publicados no Di\u00e1rio Oficial na \u00faltima sexta-feira (14.03), em conformidade com o Plano de Cargos, Carreiras e Sal\u00e1rios (PCCS). A medida contempla progress\u00f5es funcionais e promo\u00e7\u00f5es por escolaridade, garantindo direitos previstos na legisla\u00e7\u00e3o municipal e fortalecendo a estrutura de carreira dos servidores da rede municipal de ensino.<\/p>\n\n\n\n<p>Neste m\u00eas, foram 43 enquadramentos por progress\u00e3o funcional, decorrente do tempo de servi\u00e7o, sendo 40 servidores ativos e 3 aposentados. Outros 7 profissionais foram promovidos por escolaridade, dos quais 6 est\u00e3o em atividade e 1 \u00e9 aposentado.<\/p>\n\n\n\n<p>\u201cA Educa\u00e7\u00e3o \u00e9 um pilar fundamental para o desenvolvimento da cidade, e valorizar seus profissionais significa investir na qualidade do ensino ofertado aos nossos alunos. Essa medida assegura que os servidores tenham suas conquistas reconhecidas e possam progredir em suas carreiras, o que fortalece a rede municipal e impacta diretamente no aprendizado das crian\u00e7as e jovens. Nossa gest\u00e3o segue atenta \u00e0s demandas da categoria, buscando sempre aprimorar as condi\u00e7\u00f5es de trabalho e incentivar a forma\u00e7\u00e3o cont\u00ednua\u201d, destacou o prefeito Hingo Hammes.<\/p>\n\n\n\n<p>O secret\u00e1rio de Educa\u00e7\u00e3o, Alexandre Gurgel, ressaltou a import\u00e2ncia da valoriza\u00e7\u00e3o dos profissionais para a qualidade do ensino.<\/p>\n\n\n\n<p>\u201cA qualifica\u00e7\u00e3o dos profissionais da Educa\u00e7\u00e3o tem um reflexo direto dentro da sala de aula. Quando valorizamos esses servidores, estamos incentivando a dedica\u00e7\u00e3o, o aperfei\u00e7oamento e a continuidade do trabalho de excel\u00eancia que j\u00e1 realizam. Esse reconhecimento \u00e9 um est\u00edmulo para que todos busquem ainda mais capacita\u00e7\u00e3o, o que fortalece a rede p\u00fablica e beneficia diretamente os estudantes\u201d.<\/p>\n\n\n\n<p>O secret\u00e1rio de Administra\u00e7\u00e3o, Wagner Silva, enfatizou que os enquadramentos seguem as diretrizes estabelecidas pelo PCCS.<\/p>\n\n\n\n<p>\u201cA progress\u00e3o funcional e a promo\u00e7\u00e3o s\u00e3o mecanismos que garantem que o esfor\u00e7o e a dedica\u00e7\u00e3o dos profissionais sejam reconhecidos. Estamos cumprindo rigorosamente as diretrizes do PCCS, assegurando que cada profissional tenha sua trajet\u00f3ria respeitada e que as pol\u00edticas de valoriza\u00e7\u00e3o do servidor sejam aplicadas de forma justa e respons\u00e1vel\u201d, afirmou.<\/p>\n\n\n\n<p>As progress\u00f5es e promo\u00e7\u00f5es funcionais fazem parte de um conjunto de a\u00e7\u00f5es que visam a valoriza\u00e7\u00e3o dos profissionais da Educa\u00e7\u00e3o, incentivando a qualifica\u00e7\u00e3o e garantindo melhores condi\u00e7\u00f5es para o ensino na rede municipal.<\/p>\n","protected":false},"excerpt":{"rendered":"<p>Os enquadramentos de 50 profissionais da Educa\u00e7\u00e3o foram publicados no Di\u00e1rio Oficial na \u00faltima sexta-feira<\/p>\n","protected":false},"author":2,"featured_media":92501,"comment_status":"open","ping_status":"open","sticky":false,"template":"","format":"standard","meta":{"footnotes":""},"categories":[12],"tags":[],"class_list":["post-100897","post","type-post","status-publish","format-standard","has-post-thumbnail","hentry","category-cidade"],"_links":{"self":[{"href":"https:\/\/tvc16.com\/portal\/wp-json\/wp\/v2\/posts\/100897","targetHints":{"allow":["GET"]}}],"collection":[{"href":"https:\/\/tvc16.com\/portal\/wp-json\/wp\/v2\/posts"}],"about":[{"href":"https:\/\/tvc16.com\/portal\/wp-json\/wp\/v2\/types\/post"}],"author":[{"embeddable":true,"href":"https:\/\/tvc16.com\/portal\/wp-json\/wp\/v2\/users\/2"}],"replies":[{"embeddable":true,"href":"https:\/\/tvc16.com\/portal\/wp-json\/wp\/v2\/comments?post=100897"}],"version-history":[{"count":1,"href":"https:\/\/tvc16.com\/portal\/wp-json\/wp\/v2\/posts\/100897\/revisions"}],"predecessor-version":[{"id":100898,"href":"https:\/\/tvc16.com\/portal\/wp-json\/wp\/v2\/posts\/100897\/revisions\/100898"}],"wp:featuredmedia":[{"embeddable":true,"href":"https:\/\/tvc16.com\/portal\/wp-json\/wp\/v2\/media\/92501"}],"wp:attachment":[{"href":"https:\/\/tvc16.com\/portal\/wp-json\/wp\/v2\/media?parent=100897"}],"wp:term":[{"taxonomy":"category","embeddable":true,"href":"https:\/\/tvc16.com\/portal\/wp-json\/wp\/v2\/categories?post=100897"},{"taxonomy":"post_tag","embeddable":true,"href":"https:\/\/tvc16.com\/portal\/wp-json\/wp\/v2\/tags?post=100897"}],"curies":[{"name":"wp","href":"https:\/\/api.w.org\/{rel}","templated":true}]}}