{"id":100899,"date":"2025-03-18T09:08:17","date_gmt":"2025-03-18T12:08:17","guid":{"rendered":"https:\/\/tvc16.com\/portal\/?p=100899"},"modified":"2025-03-18T09:08:19","modified_gmt":"2025-03-18T12:08:19","slug":"prefeitura-de-petropolis-vacina-mais-de-4-mil-caes-e-gatos-da-cidade-contra-raiva","status":"publish","type":"post","link":"https:\/\/tvc16.com\/portal\/2025\/03\/18\/prefeitura-de-petropolis-vacina-mais-de-4-mil-caes-e-gatos-da-cidade-contra-raiva\/","title":{"rendered":"Prefeitura de Petr\u00f3polis vacina mais de 4 mil c\u00e3es e gatos da cidade contra raiva"},"content":{"rendered":"\n<p><em>Primeira etapa da campanha de vacina\u00e7\u00e3o antirr\u00e1bica aconteceu neste s\u00e1bado (15) nos distritos de Itaipava, Pedro do Rio e Posse<\/em><\/p>\n\n\n\n<p>A prefeitura de Petr\u00f3polis, atrav\u00e9s da Secretaria Municipal de Sa\u00fade, realizou neste s\u00e1bado (15) a primeira etapa da campanha de vacina\u00e7\u00e3o antirr\u00e1bica de 2025. Foram vacinados 4033 c\u00e3es e gatos dos distritos de Itaipava, Pedro do Rio e Posse, 62,2% do p\u00fablico alvo. Para a\u00e7\u00e3o, foram mobilizados 103 profissionais de sa\u00fade, distribu\u00eddos em 43 pontos de vacina\u00e7\u00e3o.<\/p>\n\n\n\n<p>\u201cEssa \u00e9 uma mobiliza\u00e7\u00e3o importante para garantir a sa\u00fade dos animais e, consequentemente, da nossa popula\u00e7\u00e3o. A raiva \u00e9 uma doen\u00e7a grave que pode ser transmitida para o ser humano, por isso \u00e9 t\u00e3o importante a vacina\u00e7\u00e3o\u201d comenta o prefeito Hingo Hammes.<\/p>\n\n\n\n<p>A vacina antirr\u00e1bica \u00e9 destinada para c\u00e3es e gatos a partir dos quatro meses de vida. A vacina\u00e7\u00e3o anual \u00e9 eficaz na preven\u00e7\u00e3o da raiva nesses animais, o que consequentemente previne tamb\u00e9m a raiva humana.<\/p>\n\n\n\n<p>\u201cNosso empenho \u00e9 cont\u00ednuo e em breve divulgaremos as pr\u00f3ximas regi\u00f5es que tamb\u00e9m v\u00e3o receber a campanha. Infelizmente n\u00e3o atingimos a meta de 100%, mas esperamos que nas pr\u00f3ximas etapas tenhamos uma ades\u00e3o maior da popula\u00e7\u00e3o.\u201d, explica o Secret\u00e1rio Municipal de Sa\u00fade, Lu\u00eds Cruzick.<\/p>\n","protected":false},"excerpt":{"rendered":"<p>Primeira etapa da campanha de vacina\u00e7\u00e3o antirr\u00e1bica aconteceu neste s\u00e1bado (15) nos distritos de Itaipava,<\/p>\n","protected":false},"author":2,"featured_media":100900,"comment_status":"open","ping_status":"open","sticky":false,"template":"","format":"standard","meta":{"footnotes":""},"categories":[12],"tags":[],"class_list":["post-100899","post","type-post","status-publish","format-standard","has-post-thumbnail","hentry","category-cidade"],"_links":{"self":[{"href":"https:\/\/tvc16.com\/portal\/wp-json\/wp\/v2\/posts\/100899","targetHints":{"allow":["GET"]}}],"collection":[{"href":"https:\/\/tvc16.com\/portal\/wp-json\/wp\/v2\/posts"}],"about":[{"href":"https:\/\/tvc16.com\/portal\/wp-json\/wp\/v2\/types\/post"}],"author":[{"embeddable":true,"href":"https:\/\/tvc16.com\/portal\/wp-json\/wp\/v2\/users\/2"}],"replies":[{"embeddable":true,"href":"https:\/\/tvc16.com\/portal\/wp-json\/wp\/v2\/comments?post=100899"}],"version-history":[{"count":1,"href":"https:\/\/tvc16.com\/portal\/wp-json\/wp\/v2\/posts\/100899\/revisions"}],"predecessor-version":[{"id":100901,"href":"https:\/\/tvc16.com\/portal\/wp-json\/wp\/v2\/posts\/100899\/revisions\/100901"}],"wp:featuredmedia":[{"embeddable":true,"href":"https:\/\/tvc16.com\/portal\/wp-json\/wp\/v2\/media\/100900"}],"wp:attachment":[{"href":"https:\/\/tvc16.com\/portal\/wp-json\/wp\/v2\/media?parent=100899"}],"wp:term":[{"taxonomy":"category","embeddable":true,"href":"https:\/\/tvc16.com\/portal\/wp-json\/wp\/v2\/categories?post=100899"},{"taxonomy":"post_tag","embeddable":true,"href":"https:\/\/tvc16.com\/portal\/wp-json\/wp\/v2\/tags?post=100899"}],"curies":[{"name":"wp","href":"https:\/\/api.w.org\/{rel}","templated":true}]}}