{"id":10091,"date":"2021-02-03T07:48:47","date_gmt":"2021-02-03T10:48:47","guid":{"rendered":"https:\/\/tvc16.com\/portal\/?p=10091"},"modified":"2021-02-03T07:48:49","modified_gmt":"2021-02-03T10:48:49","slug":"municipios-tem-ate-5-de-fevereiro-para-manifestarem-interesse-no-programa-nacional-das-escolas-civico-militares","status":"publish","type":"post","link":"https:\/\/tvc16.com\/portal\/2021\/02\/03\/municipios-tem-ate-5-de-fevereiro-para-manifestarem-interesse-no-programa-nacional-das-escolas-civico-militares\/","title":{"rendered":"Munic\u00edpios t\u00eam at\u00e9 5 de fevereiro para manifestarem interesse no Programa Nacional das Escolas C\u00edvico-Militares"},"content":{"rendered":"\n<p>Meta do governo federal \u00e9 implementar 54 Ecim este ano. Vagas remanescentes ser\u00e3o ofertadas aos munic\u00edpios<\/p>\n\n\n\n<p>Munic\u00edpios t\u00eam at\u00e9 5 de fevereiro para manifestarem interesse no Programa Nacional das Escolas C\u00edvico-Militares (Pecim). A extens\u00e3o do prazo foi publicada no <a href=\"https:\/\/www.in.gov.br\/en\/web\/dou\/-\/portaria-n-40-de-22-de-janeiro-de-2021-300440721\">Di\u00e1rio Oficial da Uni\u00e3o<\/a>. At\u00e9 agora, 16 estados j\u00e1 aderiram ao projeto: Acre, Amap\u00e1, Cear\u00e1, Distrito Federal, Goi\u00e1s, Mato Grosso, Mato Grosso do Sul, Minas Gerais, Par\u00e1, Para\u00edba, Paran\u00e1, Rio Grande do Sul, Rond\u00f4nia, Santa Catarina, S\u00e3o Paulo e Tocantins.<\/p>\n\n\n\n<p>A meta do governo federal \u00e9 implementar 216 Escolas C\u00edvico-Militares (Ecim), at\u00e9 2023, sendo 54 este ano. At\u00e9 agora, 32 vagas foram preenchidas pelos estados que demonstraram interesse. As 22 remanescentes ser\u00e3o ofertadas aos munic\u00edpios.<\/p>\n\n\n\n<figure class=\"wp-block-image\"><img decoding=\"async\" src=\"\/\/s3-sa-east-1.amazonaws.com\/agencia-radio-arb\/3579\/content_PROGRAMA-NACIONAL-DAS-ESCOLAS-C%C3%8DVICO-MILITARES.jpg\" alt=\"Arte - Brasil 61\" title=\"Ades\u00e3o ao Pecim - Arte: Brasil 61 - Fonte: MEC\"\/><\/figure>\n\n\n\n<p>O gestor municipal interessado no Pecim deve enviar of\u00edcio para o e-mail: pecim@mec.gov.br, at\u00e9 5 de fevereiro.<\/p>\n\n\n\n<h2 class=\"wp-block-heading\">Pecim<\/h2>\n\n\n\n<p>O Programa Nacional das Escolas C\u00edvico-Militares (Pecim) \u00e9 uma iniciativa do Minist\u00e9rio da Educa\u00e7\u00e3o, em parceria com o Minist\u00e9rio da Defesa, e foi institu\u00eddo em 2019 pelo <a href=\"http:\/\/www.planalto.gov.br\/ccivil_03\/_ato2019-2022\/2019\/decreto\/D10004.htm#:~:text=DECRETO%20N%C2%BA%2010.004%2C%20DE%205,Nacional%20das%20Escolas%20C%C3%ADvico%2DMilitares.\">Decreto 10.004<\/a>. Ele apresenta um modelo de gest\u00e3o compartilhada entre o corpo docente e os militares, tanto da \u00e1rea educacional e did\u00e1tico-pedag\u00f3gico, quanto na parte administrativa. As a\u00e7\u00f5es do Pecim estabelecem suporte t\u00e9cnico; apoio de pessoal militar; apoio financeiro, conforme disponibilidade or\u00e7ament\u00e1ria, para cobertura de despesas operacionais e regulamentares; e apoio \u00e0 capacita\u00e7\u00e3o dos profissionais que v\u00e3o atuar nas Ecim.<\/p>\n\n\n\n<p>Segundo o Minist\u00e9rio da Educa\u00e7\u00e3o, os miliares v\u00e3o assessorar os gestores, refor\u00e7ando a equipe j\u00e1 existente de profissionais da educa\u00e7\u00e3o, sem ocupar cargos previstos na Lei de Diretrizes e Bases da Educa\u00e7\u00e3o Nacional. Al\u00e9m disso, o curr\u00edculo e o conte\u00fado aplicados nas escolas s\u00e3o orientados pela Base Nacional Comum Curricular.<\/p>\n\n\n\n<p>A professora da Universidade de Bras\u00edlia (UnB) e coordenadora do Comit\u00ea-DF da Campanha Nacional Pelo Direito \u00e0 Educa\u00e7\u00e3o, Catarina de Almeida Santos, explica como fica a gest\u00e3o disciplinar das Ecim.<\/p>\n\n\n\n<p>\u201cA partir do momento que a escola \u00e9 militarizada, a gest\u00e3o disciplinar passa a funcionar de acordo com as normas do quartel. As caracter\u00edsticas de funcionamento, do comportamento dos alunos, do que pode ser desenvolvido dentro das escolas, \u00e9 de acordo com aquilo que pode ser implementado dentro do quartel\u201d, explica.<br>A professora da UnB tamb\u00e9m esclarece a divis\u00e3o de profissionais militares entre as Ecim. \u201cAlgumas dessas escolas das redes estaduais e municipais passam a ser geridas, no aspecto disciplinar, pela pol\u00edcia das diferentes for\u00e7as. No caso do governo federal, pode ser a Pol\u00edcia Militar, Corpo de Bombeiros, Ex\u00e9rcito, Aeron\u00e1utica. No caso das for\u00e7as federais, utiliza-se policiais da reserva\u201d, esclarece.<\/p>\n\n\n\n<p>Ela elenca mudan\u00e7as pr\u00e1ticas, como: meninos precisam raspar a cabe\u00e7a e meninas devem usar cabelo preso; estudantes devem usar fardas similares \u00e0s usadas nas for\u00e7as; s\u00f3 pode existir organiza\u00e7\u00e3o dos estudantes a partir das condicionalidades estabelecidas pela gest\u00e3o da escola; alunos precisam de permiss\u00e3o para entrar e sair da sala de aula; \u00e9 preciso bater contin\u00eancia etc.<\/p>\n\n\n\n<p>Segundo Catarina de Almeida Santos, a gest\u00e3o disciplinar pode acabar interferindo no processo educacional. \u201cSe o pedag\u00f3gico da escola entender que precisa desenvolver uma atividade importante para o processo de ensino, mas se essa atividade for contr\u00e1ria \u00e0s normas estabelecidas pela pol\u00edcia, isso n\u00e3o poder\u00e1 acontecer\u201d, ressalta.<\/p>\n\n\n\n<h2 class=\"wp-block-heading\">Sele\u00e7\u00e3o dos munic\u00edpios e das escolas<\/h2>\n\n\n\n<p>De acordo com o Minist\u00e9rio da Educa\u00e7\u00e3o, para o ano de 2021 ser\u00e1 priorizada a implanta\u00e7\u00e3o de duas Ecim em cada um dos estados e no Distrito Federal. As vagas remanescentes ser\u00e3o destinadas aos munic\u00edpios, cujo governo estadual n\u00e3o demonstrou interesse na implementa\u00e7\u00e3o do Programa. Para isso, devem ser obedecidos os crit\u00e9rios estabelecidos do artigo 11 da <a href=\"https:\/\/www.in.gov.br\/en\/web\/dou\/-\/portaria-n-1.071-de-24-de-dezembro-de-2020-296412451\">Portaria 1.071 de 14 de dezembro de 2020<\/a>.<\/p>\n\n\n\n<figure class=\"wp-block-image\"><img decoding=\"async\" src=\"\/\/s3-sa-east-1.amazonaws.com\/agencia-radio-arb\/3578\/content_Crit%C3%A9rio-de-sele%C3%A7%C3%A3o-dos-munic%C3%ADpios.jpg\" alt=\"Arte - Brasil 61\" title=\"Crit\u00e9rios de sele\u00e7\u00e3o - Arte: Brasil 61 - Fonte: Portaria 1.071 de 24 de dezembro de 2020\"\/><\/figure>\n\n\n\n<p>J\u00e1 para a escolha das escolas, os entes federativos devem considerar n\u00famero de alunos em situa\u00e7\u00e3o de vulnerabilidade social; desempenho abaixo da m\u00e9dia estadual no \u00cdndice de Desenvolvimento da Educa\u00e7\u00e3o B\u00e1sica; n\u00famero de matr\u00edculas de 501 a 1.000; oferta das etapas dos anos finais do ensino fundamental regular e\/ou ensino m\u00e9dio regular; oferta de turno matutino e\/ou vespertino, excetuando-se o noturno; al\u00e9m da aprova\u00e7\u00e3o da comunidade escolar para a implanta\u00e7\u00e3o do modelo, por meio de consulta p\u00fablica presencial ou por consulta p\u00fablica de meio eletr\u00f4nico.<\/p>\n\n\n\n<p><strong><a href=\"https:\/\/brasil61.com\/noticias\/escolas-publicas-de-todo-pais-tem-ate-1-de-marco-para-informar-numero-de-alunos-matriculados-em-2021-bras213649\">Escolas p\u00fablicas de todo Pa\u00eds t\u00eam at\u00e9 1\u00ba de mar\u00e7o para informar n\u00famero de alunos matriculados em 2021<\/a><\/strong><\/p>\n\n\n\n<p><strong><a href=\"https:\/\/brasil61.com\/noticias\/frequencia-de-atividades-escolares-na-pandemia-ainda-e-desafio-para-municipios-do-parana-bras213595\">Frequ\u00eancia de atividades escolares na pandemia ainda \u00e9 desafio para munic\u00edpios do Paran\u00e1<\/a><\/strong><\/p>\n\n\n\n<p><strong><a href=\"https:\/\/brasil61.com\/noticias\/fnde-transfere-r-366-mi-de-parcela-extra-para-alimentacao-escolar-em-estados-e-municipios-bras213647\">FNDE transfere R$ 366 mi de parcela extra para alimenta\u00e7\u00e3o escolar em estados e munic\u00edpios<\/a><\/strong><\/p>\n\n\n\n<p>Em Goi\u00e1s, quatro escolas dos munic\u00edpios de \u00c1guas Lindas, Valpara\u00edso, Luzi\u00e2nia e Santo Ant\u00f4nio do Descoberto j\u00e1 aderiram ao Pecim. A estimativa \u00e9 atender quatro mil alunos. O superintendente de Seguran\u00e7a Escolar e Col\u00e9gio Militar de Goi\u00e1s, Coronel Mauro Ferreira Vilela, aponta os crit\u00e9rios para a escolha feita pelo governador Ronaldo Caiado.<\/p>\n\n\n\n<p>\u201cForam obedecidos os crit\u00e9rios do MEC: \u00e1rea vulner\u00e1vel, [onde] h\u00e1 uma mancha criminal alta, onde tem viol\u00eancia estampada e onde alcance uma popula\u00e7\u00e3o mais carente\u201d. Para que o modelo do Pecim fosse implantado nessas escolas, foi exigido uma infraestrutura m\u00ednima, como quadras de esporte e possibilidade de expans\u00e3o. O superintende Coronel Mauro Ferreira Vilela afirma que aguarda os recursos para melhorar a estrutura f\u00edsica escolar.<\/p>\n\n\n\n<p>Segundo ele, a Secretaria Estadual de Educa\u00e7\u00e3o aderiu ao programa para dar mais uma op\u00e7\u00e3o de ensino aos estudantes goianos, que j\u00e1 contam com escola em tempo integral, escolas ordin\u00e1rias da rede, col\u00e9gios militares, EJA Tec, al\u00e9m de modalidades socioeducativa e inclusiva.<\/p>\n\n\n\n<p>\u201cN\u00f3s n\u00e3o poder\u00edamos ficar de fora de um projeto importante do governo federal. Para n\u00f3s, \u00e9 importante essa modalidade. Cria uma excetiva para os alunos e amplia o leque das nossas escolas. Qualifica mais o ensino\u201d. O Coronel Mauro Ferreira Vilela afirma que, este ano, muitos gestores goianos j\u00e1 demonstraram interesse em aderir ao Pecim e foram orientados sobre como proceder.<\/p>\n\n\n\n<p>Fonte: <a href=\"https:\/\/brasil61.com\/noticias\/municipios-tem-ate-5-de-fevereiro-para-manifestarem-interesse-no-programa-nacional-das-escolas-civico-militares-bras213655?email=bethdeoliveira@yahoo.com.br&amp;utm_source=newsletter&amp;utm_medium=newsletter&amp;utm_campaign=newsletter\" target=\"_blank\" rel=\"noreferrer noopener\">Brasil 61<\/a><\/p>\n","protected":false},"excerpt":{"rendered":"<p>Meta do governo federal \u00e9 implementar 54 Ecim este ano. Vagas remanescentes ser\u00e3o ofertadas aos<\/p>\n","protected":false},"author":2,"featured_media":10092,"comment_status":"open","ping_status":"open","sticky":false,"template":"","format":"standard","meta":{"footnotes":""},"categories":[17],"tags":[],"class_list":["post-10091","post","type-post","status-publish","format-standard","has-post-thumbnail","hentry","category-outras-noticias"],"_links":{"self":[{"href":"https:\/\/tvc16.com\/portal\/wp-json\/wp\/v2\/posts\/10091","targetHints":{"allow":["GET"]}}],"collection":[{"href":"https:\/\/tvc16.com\/portal\/wp-json\/wp\/v2\/posts"}],"about":[{"href":"https:\/\/tvc16.com\/portal\/wp-json\/wp\/v2\/types\/post"}],"author":[{"embeddable":true,"href":"https:\/\/tvc16.com\/portal\/wp-json\/wp\/v2\/users\/2"}],"replies":[{"embeddable":true,"href":"https:\/\/tvc16.com\/portal\/wp-json\/wp\/v2\/comments?post=10091"}],"version-history":[{"count":1,"href":"https:\/\/tvc16.com\/portal\/wp-json\/wp\/v2\/posts\/10091\/revisions"}],"predecessor-version":[{"id":10093,"href":"https:\/\/tvc16.com\/portal\/wp-json\/wp\/v2\/posts\/10091\/revisions\/10093"}],"wp:featuredmedia":[{"embeddable":true,"href":"https:\/\/tvc16.com\/portal\/wp-json\/wp\/v2\/media\/10092"}],"wp:attachment":[{"href":"https:\/\/tvc16.com\/portal\/wp-json\/wp\/v2\/media?parent=10091"}],"wp:term":[{"taxonomy":"category","embeddable":true,"href":"https:\/\/tvc16.com\/portal\/wp-json\/wp\/v2\/categories?post=10091"},{"taxonomy":"post_tag","embeddable":true,"href":"https:\/\/tvc16.com\/portal\/wp-json\/wp\/v2\/tags?post=10091"}],"curies":[{"name":"wp","href":"https:\/\/api.w.org\/{rel}","templated":true}]}}