{"id":100912,"date":"2025-03-22T05:00:00","date_gmt":"2025-03-22T08:00:00","guid":{"rendered":"https:\/\/tvc16.com\/portal\/?p=100912"},"modified":"2025-03-18T15:07:44","modified_gmt":"2025-03-18T18:07:44","slug":"cenas-improvisadas-com-arte-na-avenida-celebram-o-dia-mundial-do-teatro-neste-fim-de-semana-em-itaipava-2","status":"publish","type":"post","link":"https:\/\/tvc16.com\/portal\/2025\/03\/22\/cenas-improvisadas-com-arte-na-avenida-celebram-o-dia-mundial-do-teatro-neste-fim-de-semana-em-itaipava-2\/","title":{"rendered":"\u201cCenas Improvisadas\u201d com Arte na Avenida celebram o Dia Mundial do Teatro neste fim de semana, em Itaipava"},"content":{"rendered":"\n<p><em>Performances teatrais com participa\u00e7\u00e3o do p\u00fablico acontecem neste s\u00e1bado (22) e no domingo (23)<\/em><\/p>\n\n\n\n<p>O teatro \u00e9 a arte de transformar o cotidiano em magia, dando vida a hist\u00f3rias e personagens atrav\u00e9s da express\u00e3o e da improvisa\u00e7\u00e3o. E para celebrar o Dia Mundial do Teatro, nada melhor do que uma programa\u00e7\u00e3o especial, que promete juntar os alunos, professores e o p\u00fablico, na performance teatral \u201cCenas Improvisadas\u201d que acontecem neste fim de semana, neste s\u00e1bado (22) e no domingo (23), no Shopping Vilarejo, em Itaipava. Ser\u00e3o quatro sess\u00f5es de improvisa\u00e7\u00e3o com as professoras e alunos das unidades da escola de teatro Arte na Avenida, em Itaipava e na Rua Dezesseis de Mar\u00e7o, al\u00e9m da participa\u00e7\u00e3o do p\u00fablico presente.<\/p>\n\n\n\n<p>As sess\u00f5es de performances de cenas improvisadas ser\u00e3o conduzidas pelas professoras Analu Trindade, F\u00e1tima Coutinho, Larissa Madeira e Priscila Coelho, e com diferentes turmas de alunos entre crian\u00e7as, adolescentes e adultos. No s\u00e1bado, as apresenta\u00e7\u00f5es acontecem \u00e0s 16h e \u00e0s 18h, e no domingo, \u00e0s 14h e \u00e0s 16h. As apresenta\u00e7\u00f5es s\u00e3o gratuitas e abertas ao p\u00fablico.<\/p>\n\n\n\n<p>A programa\u00e7\u00e3o destaca a arte da improvisa\u00e7\u00e3o, convidando o p\u00fablico a se envolver e experimentar a espontaneidade do teatro. &#8220;Acreditamos que a arte \u00e9 um instrumento poderoso de express\u00e3o e desenvolvimento. Queremos que todos tenham a oportunidade de subir no palco e usar a sua criatividade para improvisar com os alunos do Arte na Avenida&#8221;, afirma F\u00e1tima Coutinho, professora de teatro e propriet\u00e1ria do Arte na Avenida.<\/p>\n\n\n\n<p>Celebrado no dia 27 de mar\u00e7o, o Dia Mundial do Teatro ressalta a import\u00e2ncia das artes c\u00eanicas como ferramenta de transforma\u00e7\u00e3o e inclus\u00e3o social. A data, criada pelo Instituto Internacional do Teatro (ITI) da UNESCO em 1961, tem o objetivo de valorizar o impacto da cultura na sociedade e incentivar a participa\u00e7\u00e3o do p\u00fablico em atividades art\u00edsticas.<\/p>\n\n\n\n<p>O evento tamb\u00e9m refor\u00e7a o compromisso do Shopping Vilarejo em oferecer atra\u00e7\u00f5es culturais acess\u00edveis para toda a comunidade. &#8220;Sempre incentivamos a promo\u00e7\u00e3o da cultura em nosso espa\u00e7o, criando um ambiente onde as fam\u00edlias possam compartilhar momentos especiais. A arte \u00e9 uma excelente forma de proporcionar essa conex\u00e3o e enriquecer a experi\u00eancia de todos&#8221;, destaca Tiago Corr\u00eaa, administrador do shopping.<\/p>\n\n\n\n<p><strong>Servi\u00e7o: \u201cCenas Improvisadas\u201d com Arte na Avenida&nbsp;<\/strong><strong>\ud83c\udfad<\/strong><strong><\/strong><\/p>\n\n\n\n<p>\ud83d\udcc5&nbsp;<strong>Data<\/strong>: 22 e 23 de mar\u00e7o<\/p>\n\n\n\n<p>\ud83d\udd52<strong>&nbsp;Hor\u00e1rio 22 de mar\u00e7o<\/strong>: 16h e 18h<\/p>\n\n\n\n<p>\ud83d\udd52&nbsp;<strong>Hor\u00e1rio 23 de mar\u00e7o<\/strong>: 14h e 16h<\/p>\n\n\n\n<p>\ud83c\udf9f&nbsp;<strong>Entrada<\/strong>: Gratuita<\/p>\n\n\n\n<p>\ud83d\udccd&nbsp;<strong>Local<\/strong>: Pra\u00e7a do Sol &#8211; Shopping Vilarejo: Estrada Uni\u00e3o e Ind\u00fastria, 10.035 \u2013 Itaipava<br><\/p>\n\n\n\n<p><strong>Hor\u00e1rio de funcionamento do shopping:<\/strong><\/p>\n\n\n\n<ul class=\"wp-block-list\">\n<li><strong>Ter\u00e7a-feira<\/strong>: 14h \u00e0s 19h<\/li>\n\n\n\n<li><strong>Quarta a Sexta-feira<\/strong>: 10h \u00e0s 19h<\/li>\n\n\n\n<li><strong>S\u00e1bado<\/strong>: 10h \u00e0s 20h<\/li>\n\n\n\n<li><strong>Domingo<\/strong>: 10h \u00e0s 18h<\/li>\n<\/ul>\n\n\n\n<p>Foto: divulga\u00e7\u00e3o <\/p>\n","protected":false},"excerpt":{"rendered":"<p>Performances teatrais com participa\u00e7\u00e3o do p\u00fablico acontecem neste s\u00e1bado (22) e no domingo (23) O<\/p>\n","protected":false},"author":2,"featured_media":100913,"comment_status":"open","ping_status":"open","sticky":false,"template":"","format":"standard","meta":{"footnotes":""},"categories":[12],"tags":[],"class_list":["post-100912","post","type-post","status-publish","format-standard","has-post-thumbnail","hentry","category-cidade"],"_links":{"self":[{"href":"https:\/\/tvc16.com\/portal\/wp-json\/wp\/v2\/posts\/100912","targetHints":{"allow":["GET"]}}],"collection":[{"href":"https:\/\/tvc16.com\/portal\/wp-json\/wp\/v2\/posts"}],"about":[{"href":"https:\/\/tvc16.com\/portal\/wp-json\/wp\/v2\/types\/post"}],"author":[{"embeddable":true,"href":"https:\/\/tvc16.com\/portal\/wp-json\/wp\/v2\/users\/2"}],"replies":[{"embeddable":true,"href":"https:\/\/tvc16.com\/portal\/wp-json\/wp\/v2\/comments?post=100912"}],"version-history":[{"count":1,"href":"https:\/\/tvc16.com\/portal\/wp-json\/wp\/v2\/posts\/100912\/revisions"}],"predecessor-version":[{"id":100914,"href":"https:\/\/tvc16.com\/portal\/wp-json\/wp\/v2\/posts\/100912\/revisions\/100914"}],"wp:featuredmedia":[{"embeddable":true,"href":"https:\/\/tvc16.com\/portal\/wp-json\/wp\/v2\/media\/100913"}],"wp:attachment":[{"href":"https:\/\/tvc16.com\/portal\/wp-json\/wp\/v2\/media?parent=100912"}],"wp:term":[{"taxonomy":"category","embeddable":true,"href":"https:\/\/tvc16.com\/portal\/wp-json\/wp\/v2\/categories?post=100912"},{"taxonomy":"post_tag","embeddable":true,"href":"https:\/\/tvc16.com\/portal\/wp-json\/wp\/v2\/tags?post=100912"}],"curies":[{"name":"wp","href":"https:\/\/api.w.org\/{rel}","templated":true}]}}