{"id":100918,"date":"2025-03-18T15:28:32","date_gmt":"2025-03-18T18:28:32","guid":{"rendered":"https:\/\/tvc16.com\/portal\/?p=100918"},"modified":"2025-03-18T15:28:34","modified_gmt":"2025-03-18T18:28:34","slug":"acao-do-grupamento-de-caes-da-guarda-civil-apreende-drogas-facas-e-documentos-no-terminal-centro","status":"publish","type":"post","link":"https:\/\/tvc16.com\/portal\/2025\/03\/18\/acao-do-grupamento-de-caes-da-guarda-civil-apreende-drogas-facas-e-documentos-no-terminal-centro\/","title":{"rendered":"A\u00e7\u00e3o do Grupamento de C\u00e3es da Guarda Civil apreende drogas, facas e documentos no Terminal Centro"},"content":{"rendered":"\n<p>Uma a\u00e7\u00e3o do Grupamento de Opera\u00e7\u00f5es com C\u00e3es da Guarda Civil na tarde dessa segunda-feira (17\/03) terminou com apreens\u00e3o de drogas, facas e documentos no Terminal Centro. Os materiais estavam com um homem, que fugiu ao perceber o patrulhamento.<\/p>\n\n\n\n<p>Nessa segunda, os c\u00e3es farejadores da Guarda Civil encontraram uma pequena quantidade de maconha e crack no local onde estava um homem, que correu quando os agentes chegaram ao local. Al\u00e9m das drogas, os guardas duas facas e uma carteira com documentos, cart\u00f5es de banco e bilhete eletr\u00f4nico. A suspeita \u00e9 que esses documentos podem ter sido furtados. Todo material apreendido foi levado para a 105\u00aa DP.<\/p>\n\n\n\n<p>A\u00e7\u00f5es como essa t\u00eam sido realizadas frequentemente, em dias e hor\u00e1rios diversos, com objetivo de dar maior seguran\u00e7a para os usu\u00e1rios do Terminal Centro.<\/p>\n\n\n\n<p>A Guarda Civil mant\u00e9m quatro agentes no local, sendo dois na sala de monitoramento por c\u00e2meras e mais dois baseados no \u00f4nibus da institui\u00e7\u00e3o, que fica na entrada do Terminal. Al\u00e9m disso, a Guarda ainda mant\u00e9m uma viatura que faz o patrulhamento em todo entorno do espa\u00e7o.<\/p>\n\n\n\n<p>O secret\u00e1rio de Servi\u00e7os Seguran\u00e7a e Ordem P\u00fablica (SSOP), Marcelo Chit\u00e3o, destacou que as a\u00e7\u00f5es da Guarda Civil acontecem de forma coordenada com a Pol\u00edcia Militar e a CPTrans.<\/p>\n\n\n\n<p>&#8220;O \u00f4nibus da Guarda est\u00e1 aqui presente continuamente, e de forma integrada, a gente vai dar mais seguran\u00e7a e mais conforto para toda popula\u00e7\u00e3o&#8221;, afirma o secret\u00e1rio.<\/p>\n\n\n\n<p>Foto: divulga\u00e7\u00e3o <\/p>\n","protected":false},"excerpt":{"rendered":"<p>Uma a\u00e7\u00e3o do Grupamento de Opera\u00e7\u00f5es com C\u00e3es da Guarda Civil na tarde dessa segunda-feira<\/p>\n","protected":false},"author":2,"featured_media":100919,"comment_status":"open","ping_status":"open","sticky":false,"template":"","format":"standard","meta":{"footnotes":""},"categories":[12],"tags":[],"class_list":["post-100918","post","type-post","status-publish","format-standard","has-post-thumbnail","hentry","category-cidade"],"_links":{"self":[{"href":"https:\/\/tvc16.com\/portal\/wp-json\/wp\/v2\/posts\/100918","targetHints":{"allow":["GET"]}}],"collection":[{"href":"https:\/\/tvc16.com\/portal\/wp-json\/wp\/v2\/posts"}],"about":[{"href":"https:\/\/tvc16.com\/portal\/wp-json\/wp\/v2\/types\/post"}],"author":[{"embeddable":true,"href":"https:\/\/tvc16.com\/portal\/wp-json\/wp\/v2\/users\/2"}],"replies":[{"embeddable":true,"href":"https:\/\/tvc16.com\/portal\/wp-json\/wp\/v2\/comments?post=100918"}],"version-history":[{"count":1,"href":"https:\/\/tvc16.com\/portal\/wp-json\/wp\/v2\/posts\/100918\/revisions"}],"predecessor-version":[{"id":100920,"href":"https:\/\/tvc16.com\/portal\/wp-json\/wp\/v2\/posts\/100918\/revisions\/100920"}],"wp:featuredmedia":[{"embeddable":true,"href":"https:\/\/tvc16.com\/portal\/wp-json\/wp\/v2\/media\/100919"}],"wp:attachment":[{"href":"https:\/\/tvc16.com\/portal\/wp-json\/wp\/v2\/media?parent=100918"}],"wp:term":[{"taxonomy":"category","embeddable":true,"href":"https:\/\/tvc16.com\/portal\/wp-json\/wp\/v2\/categories?post=100918"},{"taxonomy":"post_tag","embeddable":true,"href":"https:\/\/tvc16.com\/portal\/wp-json\/wp\/v2\/tags?post=100918"}],"curies":[{"name":"wp","href":"https:\/\/api.w.org\/{rel}","templated":true}]}}