{"id":100921,"date":"2025-03-19T05:00:00","date_gmt":"2025-03-19T08:00:00","guid":{"rendered":"https:\/\/tvc16.com\/portal\/?p=100921"},"modified":"2025-03-18T15:31:14","modified_gmt":"2025-03-18T18:31:14","slug":"prefeitura-de-petropolis-faz-acao-pelo-dia-mundial-da-saude-bucal","status":"publish","type":"post","link":"https:\/\/tvc16.com\/portal\/2025\/03\/19\/prefeitura-de-petropolis-faz-acao-pelo-dia-mundial-da-saude-bucal\/","title":{"rendered":"Prefeitura de Petr\u00f3polis faz a\u00e7\u00e3o pelo Dia Mundial da Sa\u00fade Bucal"},"content":{"rendered":"\n<p>A prefeitura de Petr\u00f3polis, atrav\u00e9s da Secretaria Municipal de Sa\u00fade, promove no pr\u00f3ximo dia 20 de mar\u00e7o duas a\u00e7\u00f5es na cidade pelo Dia Mundial da Sa\u00fade Bucal. Alunos do Centro Educacional Terra Santa e do Col\u00e9gio Gunnar Vingren v\u00e3o ter a oportunidade de conhecer o Centro de Especialidades Odontol\u00f3gicas (CEO), unidade do Sistema \u00danico de Sa\u00fade que atende cerca de 800 pacientes por m\u00eas.<\/p>\n\n\n\n<p>Ser\u00e3o 100 crian\u00e7as, divididas em dois turnos, que v\u00e3o ter a oportunidade de conhecer a estrutura de um consult\u00f3rio odontol\u00f3gico, como funcionam os aparelhos e a import\u00e2ncia do cuidado com a sa\u00fade bucal. Al\u00e9m disso, os alunos v\u00e3o participar de atividades de arte e v\u00e3o receber orienta\u00e7\u00e3o para escova\u00e7\u00e3o adequada com aplica\u00e7\u00e3o de fl\u00faor, kits de higiene e lanche.<\/p>\n\n\n\n<p>\u201cEu acredito que conscientizando as crian\u00e7as desde pequenas colhemos bons resultados no futuro. S\u00e3o a\u00e7\u00f5es l\u00fadicas, mas que criam multiplicadores de informa\u00e7\u00f5es de sa\u00fade dentro das fam\u00edlias\u201d, explica o Secret\u00e1rio Municipal de Sa\u00fade, Lu\u00eds Cruzick.<\/p>\n\n\n\n<p>A a\u00e7\u00e3o vai se estender tamb\u00e9m para a Escola Municipal Dom Manuel Pedro Da Cunha Cintra, no bairro Carangola. Na unidade, cerca de 250 alunos v\u00e3o receber orienta\u00e7\u00e3o da sa\u00fade bucal atrav\u00e9s de uma apresenta\u00e7\u00e3o teatral, com escova\u00e7\u00e3o e distribui\u00e7\u00e3o de kits de higiene. A a\u00e7\u00e3o na escola est\u00e1 marcada para acontecer das 13h as 17h.<\/p>\n\n\n\n<p>Foto: \u00a9 TV Brasil\/Divulga\u00e7\u00e3o<br><\/p>\n","protected":false},"excerpt":{"rendered":"<p>A prefeitura de Petr\u00f3polis, atrav\u00e9s da Secretaria Municipal de Sa\u00fade, promove no pr\u00f3ximo dia 20<\/p>\n","protected":false},"author":2,"featured_media":100922,"comment_status":"open","ping_status":"open","sticky":false,"template":"","format":"standard","meta":{"footnotes":""},"categories":[12],"tags":[],"class_list":["post-100921","post","type-post","status-publish","format-standard","has-post-thumbnail","hentry","category-cidade"],"_links":{"self":[{"href":"https:\/\/tvc16.com\/portal\/wp-json\/wp\/v2\/posts\/100921","targetHints":{"allow":["GET"]}}],"collection":[{"href":"https:\/\/tvc16.com\/portal\/wp-json\/wp\/v2\/posts"}],"about":[{"href":"https:\/\/tvc16.com\/portal\/wp-json\/wp\/v2\/types\/post"}],"author":[{"embeddable":true,"href":"https:\/\/tvc16.com\/portal\/wp-json\/wp\/v2\/users\/2"}],"replies":[{"embeddable":true,"href":"https:\/\/tvc16.com\/portal\/wp-json\/wp\/v2\/comments?post=100921"}],"version-history":[{"count":1,"href":"https:\/\/tvc16.com\/portal\/wp-json\/wp\/v2\/posts\/100921\/revisions"}],"predecessor-version":[{"id":100923,"href":"https:\/\/tvc16.com\/portal\/wp-json\/wp\/v2\/posts\/100921\/revisions\/100923"}],"wp:featuredmedia":[{"embeddable":true,"href":"https:\/\/tvc16.com\/portal\/wp-json\/wp\/v2\/media\/100922"}],"wp:attachment":[{"href":"https:\/\/tvc16.com\/portal\/wp-json\/wp\/v2\/media?parent=100921"}],"wp:term":[{"taxonomy":"category","embeddable":true,"href":"https:\/\/tvc16.com\/portal\/wp-json\/wp\/v2\/categories?post=100921"},{"taxonomy":"post_tag","embeddable":true,"href":"https:\/\/tvc16.com\/portal\/wp-json\/wp\/v2\/tags?post=100921"}],"curies":[{"name":"wp","href":"https:\/\/api.w.org\/{rel}","templated":true}]}}