{"id":100924,"date":"2025-03-18T13:29:00","date_gmt":"2025-03-18T16:29:00","guid":{"rendered":"https:\/\/tvc16.com\/portal\/?p=100924"},"modified":"2025-03-18T16:30:11","modified_gmt":"2025-03-18T19:30:11","slug":"carro-e-onibus-se-envolvem-em-acidente-em-petropolis-nesta-terca-feira-18","status":"publish","type":"post","link":"https:\/\/tvc16.com\/portal\/2025\/03\/18\/carro-e-onibus-se-envolvem-em-acidente-em-petropolis-nesta-terca-feira-18\/","title":{"rendered":"Carro e \u00f4nibus se envolvem em acidente em Petr\u00f3polis nesta ter\u00e7a-feira (18)"},"content":{"rendered":"\n<p>Na manh\u00e3 desta ter\u00e7a-feira (18), um acidente envolvendo um \u00f4nibus e um carro de passeio resultou na interdi\u00e7\u00e3o da pista sentido Centro, da Avenida Bar\u00e3o do Rio Branco, em Petr\u00f3polis. O caso ocorreu pr\u00f3ximo ao acesso ao bairro At\u00edlio Marotti.<\/p>\n\n\n\n<p>Equipes da Companhia Petropolitana de Tr\u00e2nsito e Transportes (CPTRANS), interditaram temporariamente a \u00e1rea para que os ve\u00edculos danificados pudessem ser retirados da via. De acordo com o Corpo de Bombeiros, quatro v\u00edtimas foram atendidas e liberadas ainda no local do acidente.<\/p>\n\n\n\n<p>Al\u00e9m disso, tamb\u00e9m houve o registro de outro acidente de tr\u00e2nsito na noite de segunda-feira (17), desta vez na Estrada Uni\u00e3o e Ind\u00fastria, no distrito de Itaipava. Na ocasi\u00e3o, o condutor de um carro de passeio colidiu contra um poste em frente \u00e0 Granja Brasil. Os bombeiros informaram que n\u00e3o foram acionados para a ocorr\u00eancia.<\/p>\n\n\n\n<p>O estado de sa\u00fade das v\u00edtimas n\u00e3o foi divulgado.<\/p>\n\n\n\n<figure class=\"wp-block-image size-large\"><img loading=\"lazy\" decoding=\"async\" width=\"584\" height=\"1024\" src=\"https:\/\/tvc16.com\/portal\/wp-content\/uploads\/2025\/03\/WhatsApp-Image-2025-03-18-at-16.24.28-584x1024.jpeg\" alt=\"\" class=\"wp-image-100926\" srcset=\"https:\/\/tvc16.com\/portal\/wp-content\/uploads\/2025\/03\/WhatsApp-Image-2025-03-18-at-16.24.28-584x1024.jpeg 584w, https:\/\/tvc16.com\/portal\/wp-content\/uploads\/2025\/03\/WhatsApp-Image-2025-03-18-at-16.24.28-171x300.jpeg 171w, https:\/\/tvc16.com\/portal\/wp-content\/uploads\/2025\/03\/WhatsApp-Image-2025-03-18-at-16.24.28-768x1348.jpeg 768w, https:\/\/tvc16.com\/portal\/wp-content\/uploads\/2025\/03\/WhatsApp-Image-2025-03-18-at-16.24.28.jpeg 828w\" sizes=\"auto, (max-width: 584px) 100vw, 584px\" \/><\/figure>\n\n\n\n<p>Fotos: reprodu\u00e7\u00e3o rede social <\/p>\n","protected":false},"excerpt":{"rendered":"<p>Na manh\u00e3 desta ter\u00e7a-feira (18), um acidente envolvendo um \u00f4nibus e um carro de passeio<\/p>\n","protected":false},"author":2,"featured_media":100925,"comment_status":"open","ping_status":"open","sticky":false,"template":"","format":"standard","meta":{"footnotes":""},"categories":[12,1],"tags":[],"class_list":["post-100924","post","type-post","status-publish","format-standard","has-post-thumbnail","hentry","category-cidade","category-uncategorized"],"_links":{"self":[{"href":"https:\/\/tvc16.com\/portal\/wp-json\/wp\/v2\/posts\/100924","targetHints":{"allow":["GET"]}}],"collection":[{"href":"https:\/\/tvc16.com\/portal\/wp-json\/wp\/v2\/posts"}],"about":[{"href":"https:\/\/tvc16.com\/portal\/wp-json\/wp\/v2\/types\/post"}],"author":[{"embeddable":true,"href":"https:\/\/tvc16.com\/portal\/wp-json\/wp\/v2\/users\/2"}],"replies":[{"embeddable":true,"href":"https:\/\/tvc16.com\/portal\/wp-json\/wp\/v2\/comments?post=100924"}],"version-history":[{"count":1,"href":"https:\/\/tvc16.com\/portal\/wp-json\/wp\/v2\/posts\/100924\/revisions"}],"predecessor-version":[{"id":100927,"href":"https:\/\/tvc16.com\/portal\/wp-json\/wp\/v2\/posts\/100924\/revisions\/100927"}],"wp:featuredmedia":[{"embeddable":true,"href":"https:\/\/tvc16.com\/portal\/wp-json\/wp\/v2\/media\/100925"}],"wp:attachment":[{"href":"https:\/\/tvc16.com\/portal\/wp-json\/wp\/v2\/media?parent=100924"}],"wp:term":[{"taxonomy":"category","embeddable":true,"href":"https:\/\/tvc16.com\/portal\/wp-json\/wp\/v2\/categories?post=100924"},{"taxonomy":"post_tag","embeddable":true,"href":"https:\/\/tvc16.com\/portal\/wp-json\/wp\/v2\/tags?post=100924"}],"curies":[{"name":"wp","href":"https:\/\/api.w.org\/{rel}","templated":true}]}}