{"id":100934,"date":"2025-03-19T08:25:32","date_gmt":"2025-03-19T11:25:32","guid":{"rendered":"https:\/\/tvc16.com\/portal\/?p=100934"},"modified":"2025-03-19T08:25:33","modified_gmt":"2025-03-19T11:25:33","slug":"cristo-redentor-reabre-ao-publico-depois-de-morte-de-turista","status":"publish","type":"post","link":"https:\/\/tvc16.com\/portal\/2025\/03\/19\/cristo-redentor-reabre-ao-publico-depois-de-morte-de-turista\/","title":{"rendered":"Cristo Redentor reabre ao p\u00fablico depois de morte de turista"},"content":{"rendered":"\n<p><em>Reabertura ocorreu ap\u00f3s vistoria da Secretaria de defesa do Consumidor<\/em><\/p>\n\n\n\n<p>Por Vitor Abdala &#8211; Rep\u00f3rter da Ag\u00eancia Brasil \/ Foto: Tomaz Silva\/Ag\u00eancia Brasil<\/p>\n\n\n\n<p><\/p>\n\n\n\n<p><strong>O monumento do Cristo Redentor reabriu ao p\u00fablico, na manh\u00e3 desta ter\u00e7a-feira (18). O ponto tur\u00edstico, na zona sul da cidade do Rio de Janeiro, havia sido fechado na segunda-feira (17)<\/strong>, depois que um turista ga\u00facho passou mal e morreu, sem atendimento m\u00e9dico, na manh\u00e3 de domingo (16).<img decoding=\"async\" src=\"https:\/\/agenciabrasil.ebc.com.br\/ebc.png?id=1634906&amp;o=node\"><img decoding=\"async\" src=\"https:\/\/agenciabrasil.ebc.com.br\/ebc.gif?id=1634906&amp;o=node\"><\/p>\n\n\n\n<p><strong>A reabertura ocorreu depois de uma vistoria da&nbsp;<a href=\"https:\/\/agenciabrasil.ebc.com.br\/geral\/noticia\/2025-03\/vistoria-vai-decidir-se-o-cristo-redentor-sera-reaberto-ao-publico\" target=\"_blank\" rel=\"noreferrer noopener\">Secretaria Estadual de Defesa do Consumidor<\/a>, que constatou a ado\u00e7\u00e3o de medidas para garantir a seguran\u00e7a dos visitantes<\/strong>, como o funcionamento de um posto m\u00e9dico das 7h \u00e0s 19h e a perman\u00eancia de uma ambul\u00e2ncia no local.&nbsp;<\/p>\n\n\n\n<blockquote class=\"wp-block-quote is-layout-flow wp-block-quote-is-layout-flow\">\n<p>\u201c\u00c9 natural que ainda tenha uma coisinha ou outra [a se fazer], como a troca de extintores, mas que j\u00e1 est\u00e1 sendo providenciada. Nossa preocupa\u00e7\u00e3o \u00e9 com a vida daqueles que aqui frequentam, do turista, do consumidor, e que eles tenham total seguran\u00e7a e que o que \u00e9 deles de direito ser\u00e1 cumprido\u201d, afirmou o secret\u00e1rio estadual de Defesa do Consumidor, Gutemberg Fonseca.<\/p>\n<\/blockquote>\n\n\n\n<p><strong>O turista Alex Duarte, de 54 anos, passou mal e morreu, v\u00edtima de infarto, na escadaria de acesso ao Cristo Redentor.<\/strong>&nbsp;O posto de sa\u00fade do local ainda n\u00e3o estava aberto quando ocorreu o incidente.<\/p>\n\n\n\n<p>Em suas redes sociais, a nora de Alex, Melissa Schiwe, que \u00e9 enfermeira e tentou prestar socorro \u00e0 v\u00edtima, criticou o fato de o posto de atendimento m\u00e9dico estar fechado e de um despreparo da equipe.<br><\/p>\n","protected":false},"excerpt":{"rendered":"<p>Reabertura ocorreu ap\u00f3s vistoria da Secretaria de defesa do Consumidor Por Vitor Abdala &#8211; Rep\u00f3rter<\/p>\n","protected":false},"author":2,"featured_media":100935,"comment_status":"open","ping_status":"open","sticky":false,"template":"","format":"standard","meta":{"footnotes":""},"categories":[17],"tags":[],"class_list":["post-100934","post","type-post","status-publish","format-standard","has-post-thumbnail","hentry","category-outras-noticias"],"_links":{"self":[{"href":"https:\/\/tvc16.com\/portal\/wp-json\/wp\/v2\/posts\/100934","targetHints":{"allow":["GET"]}}],"collection":[{"href":"https:\/\/tvc16.com\/portal\/wp-json\/wp\/v2\/posts"}],"about":[{"href":"https:\/\/tvc16.com\/portal\/wp-json\/wp\/v2\/types\/post"}],"author":[{"embeddable":true,"href":"https:\/\/tvc16.com\/portal\/wp-json\/wp\/v2\/users\/2"}],"replies":[{"embeddable":true,"href":"https:\/\/tvc16.com\/portal\/wp-json\/wp\/v2\/comments?post=100934"}],"version-history":[{"count":1,"href":"https:\/\/tvc16.com\/portal\/wp-json\/wp\/v2\/posts\/100934\/revisions"}],"predecessor-version":[{"id":100936,"href":"https:\/\/tvc16.com\/portal\/wp-json\/wp\/v2\/posts\/100934\/revisions\/100936"}],"wp:featuredmedia":[{"embeddable":true,"href":"https:\/\/tvc16.com\/portal\/wp-json\/wp\/v2\/media\/100935"}],"wp:attachment":[{"href":"https:\/\/tvc16.com\/portal\/wp-json\/wp\/v2\/media?parent=100934"}],"wp:term":[{"taxonomy":"category","embeddable":true,"href":"https:\/\/tvc16.com\/portal\/wp-json\/wp\/v2\/categories?post=100934"},{"taxonomy":"post_tag","embeddable":true,"href":"https:\/\/tvc16.com\/portal\/wp-json\/wp\/v2\/tags?post=100934"}],"curies":[{"name":"wp","href":"https:\/\/api.w.org\/{rel}","templated":true}]}}