{"id":100940,"date":"2025-03-19T08:29:26","date_gmt":"2025-03-19T11:29:26","guid":{"rendered":"https:\/\/tvc16.com\/portal\/?p=100940"},"modified":"2025-03-19T08:29:29","modified_gmt":"2025-03-19T11:29:29","slug":"caixa-paga-bolsa-familia-a-beneficiarios-com-nis-de-final-2-8","status":"publish","type":"post","link":"https:\/\/tvc16.com\/portal\/2025\/03\/19\/caixa-paga-bolsa-familia-a-beneficiarios-com-nis-de-final-2-8\/","title":{"rendered":"Caixa paga Bolsa Fam\u00edlia a benefici\u00e1rios com NIS de final 2"},"content":{"rendered":"\n<p><em>Com adicionais, valor m\u00e9dio do benef\u00edcio est\u00e1 em R$ 668,65<\/em><\/p>\n\n\n\n<p>Por Ag\u00eancia Brasil \/ Foto: Lyon Santos\/ MDS<\/p>\n\n\n\n<p><\/p>\n\n\n\n<p>A Caixa Econ\u00f4mica Federal paga nesta quarta-feira (19) a parcela de mar\u00e7o do novo Bolsa Fam\u00edlia aos benefici\u00e1rios com N\u00famero de Inscri\u00e7\u00e3o Social (NIS) de final 2.<img decoding=\"async\" src=\"https:\/\/agenciabrasil.ebc.com.br\/ebc.png?id=1635035&amp;o=node\"><img decoding=\"async\" src=\"https:\/\/agenciabrasil.ebc.com.br\/ebc.gif?id=1635035&amp;o=node\"><\/p>\n\n\n\n<p>O valor m\u00ednimo corresponde a R$ 600, mas, com o novo adicional, o valor m\u00e9dio do benef\u00edcio sobe para R$ 668,65. Segundo o Minist\u00e9rio do Desenvolvimento e Assist\u00eancia Social, neste m\u00eas, o programa de transfer\u00eancia de renda do governo federal alcan\u00e7ar\u00e1 20,5 milh\u00f5es de fam\u00edlias, com gasto de R$ 13,7 bilh\u00f5es.<\/p>\n\n\n\n<p>Al\u00e9m do benef\u00edcio m\u00ednimo, h\u00e1 o pagamento de tr\u00eas adicionais. O Benef\u00edcio Vari\u00e1vel Familiar Nutriz paga seis parcelas de R$ 50 a m\u00e3es de beb\u00eas de at\u00e9 6 meses de idade, para garantir a alimenta\u00e7\u00e3o da crian\u00e7a. O Bolsa Fam\u00edlia tamb\u00e9m paga um acr\u00e9scimo de R$ 50 a fam\u00edlias com gestantes e filhos de 7 a 18 anos e outro, de R$ 150, a fam\u00edlias com crian\u00e7as de at\u00e9 6 anos.<\/p>\n\n\n\n<p>No modelo tradicional do Bolsa Fam\u00edlia, o pagamento ocorre nos \u00faltimos dez dias \u00fateis de cada m\u00eas. O benefici\u00e1rio poder\u00e1 consultar informa\u00e7\u00f5es sobre as datas de pagamento, o valor do benef\u00edcio e a composi\u00e7\u00e3o das parcelas no aplicativo Caixa Tem, usado para acompanhar as contas poupan\u00e7a digitais do banco.<\/p>\n\n\n\n<p>Os benefici\u00e1rios de 550 cidades receberam o pagamento na ter\u00e7a-feira (18), independentemente do NIS. A medida beneficiou moradores do Rio Grande do Sul, afetados por enchentes no ano passado, e de mais nove estados, afetados por chuvas ou por estiagens ou com povos ind\u00edgenas em situa\u00e7\u00e3o de vulnerabilidade. A&nbsp;<a href=\"https:\/\/www.gov.br\/mds\/pt-br\/noticias-e-conteudos\/desenvolvimento-social\/noticias-desenvolvimento-social\/bolsa-familia-chega-a-20-5-milhoes-de-lares-a-partir-desta-terca-feira-18-03\/PDFListamunicipiosPBF03.2025.pdf\" target=\"_blank\" rel=\"noreferrer noopener\">lista dos munic\u00edpios e<\/a>st\u00e1 dispon\u00edvel na p\u00e1gina do Minist\u00e9rio do Desenvolvimento e Assist\u00eancia Social.<\/p>\n\n\n\n<p>Desde o ano passado, os benefici\u00e1rios do Bolsa Fam\u00edlia n\u00e3o t\u00eam mais o desconto do Seguro Defeso. A mudan\u00e7a foi estabelecida pela&nbsp;<a href=\"https:\/\/www.planalto.gov.br\/ccivil_03\/_ato2023-2026\/2023\/lei\/l14601.htm\" target=\"_blank\" rel=\"noreferrer noopener\">Lei 14.601\/2023<\/a>, que resgatou o Programa Bolsa Fam\u00edlia (PBF). O Seguro Defeso \u00e9 pago a pessoas que sobrevivem exclusivamente da pesca artesanal e que n\u00e3o podem exercer a atividade durante o per\u00edodo da piracema (reprodu\u00e7\u00e3o dos peixes).<\/p>\n\n\n\n<h2 class=\"wp-block-heading\">Regra de prote\u00e7\u00e3o<\/h2>\n\n\n\n<p>Cerca de 3,11 milh\u00f5es de fam\u00edlias est\u00e3o na regra de prote\u00e7\u00e3o em mar\u00e7o. Em vigor desde junho de 2023, essa regra permite que fam\u00edlias cujos membros consigam emprego e melhorem a renda recebam 50% do benef\u00edcio a que teriam direito por at\u00e9 dois anos, desde que cada integrante receba o equivalente a at\u00e9 meio sal\u00e1rio m\u00ednimo.<br><br>Para essas fam\u00edlias, o benef\u00edcio m\u00e9dio ficou em R$ 367,39.<\/p>\n\n\n\n<figure class=\"wp-block-image\"><img decoding=\"async\" src=\"https:\/\/imagens.ebc.com.br\/8KFj4Uq-1IKzQBQ2UsyolgKMALw=\/754x0\/smart\/https:\/\/agenciabrasil.ebc.com.br\/sites\/default\/files\/thumbnails\/image\/2025\/01\/17\/calendario_bolsa_familia_2025_-_marco_.png?itok=ajA83YEX\" alt=\"Calend\u00e1rio Bolsa Fam\u00edlia 2025 - mar\u00e7o\" title=\"Arte EBC\"\/><\/figure>\n\n\n\n<p>Calend\u00e1rio Bolsa Fam\u00edlia 2025 &#8211; mar\u00e7o &#8211;&nbsp;<strong>Arte EBC<\/strong><\/p>\n\n\n\n<h2 class=\"wp-block-heading\">Aux\u00edlio G\u00e1s<\/h2>\n\n\n\n<p>Neste m\u00eas n\u00e3o haver\u00e1 o pagamento do Aux\u00edlio G\u00e1s, que beneficia fam\u00edlias cadastradas no Cad\u00danico. Como o benef\u00edcio s\u00f3 \u00e9 pago a cada dois meses, o pagamento voltar\u00e1 em abril.<\/p>\n\n\n\n<p>S\u00f3 pode receber o Aux\u00edlio G\u00e1s quem est\u00e1 inclu\u00eddo no Cad\u00danico e tenha pelo menos um membro da fam\u00edlia que receba o Benef\u00edcio de Presta\u00e7\u00e3o Continuada (BPC). A lei que criou o programa definiu que a mulher respons\u00e1vel pela fam\u00edlia ter\u00e1 prefer\u00eancia, assim como mulheres v\u00edtimas de viol\u00eancia dom\u00e9stica.<br><\/p>\n","protected":false},"excerpt":{"rendered":"<p>Com adicionais, valor m\u00e9dio do benef\u00edcio est\u00e1 em R$ 668,65 Por Ag\u00eancia Brasil \/ Foto:<\/p>\n","protected":false},"author":2,"featured_media":100941,"comment_status":"open","ping_status":"open","sticky":false,"template":"","format":"standard","meta":{"footnotes":""},"categories":[17],"tags":[],"class_list":["post-100940","post","type-post","status-publish","format-standard","has-post-thumbnail","hentry","category-outras-noticias"],"_links":{"self":[{"href":"https:\/\/tvc16.com\/portal\/wp-json\/wp\/v2\/posts\/100940","targetHints":{"allow":["GET"]}}],"collection":[{"href":"https:\/\/tvc16.com\/portal\/wp-json\/wp\/v2\/posts"}],"about":[{"href":"https:\/\/tvc16.com\/portal\/wp-json\/wp\/v2\/types\/post"}],"author":[{"embeddable":true,"href":"https:\/\/tvc16.com\/portal\/wp-json\/wp\/v2\/users\/2"}],"replies":[{"embeddable":true,"href":"https:\/\/tvc16.com\/portal\/wp-json\/wp\/v2\/comments?post=100940"}],"version-history":[{"count":1,"href":"https:\/\/tvc16.com\/portal\/wp-json\/wp\/v2\/posts\/100940\/revisions"}],"predecessor-version":[{"id":100942,"href":"https:\/\/tvc16.com\/portal\/wp-json\/wp\/v2\/posts\/100940\/revisions\/100942"}],"wp:featuredmedia":[{"embeddable":true,"href":"https:\/\/tvc16.com\/portal\/wp-json\/wp\/v2\/media\/100941"}],"wp:attachment":[{"href":"https:\/\/tvc16.com\/portal\/wp-json\/wp\/v2\/media?parent=100940"}],"wp:term":[{"taxonomy":"category","embeddable":true,"href":"https:\/\/tvc16.com\/portal\/wp-json\/wp\/v2\/categories?post=100940"},{"taxonomy":"post_tag","embeddable":true,"href":"https:\/\/tvc16.com\/portal\/wp-json\/wp\/v2\/tags?post=100940"}],"curies":[{"name":"wp","href":"https:\/\/api.w.org\/{rel}","templated":true}]}}