{"id":100949,"date":"2025-03-19T08:33:36","date_gmt":"2025-03-19T11:33:36","guid":{"rendered":"https:\/\/tvc16.com\/portal\/?p=100949"},"modified":"2025-03-19T08:33:37","modified_gmt":"2025-03-19T11:33:37","slug":"isencao-do-ir-sera-equivalente-a-um-14o-salario-diz-haddad","status":"publish","type":"post","link":"https:\/\/tvc16.com\/portal\/2025\/03\/19\/isencao-do-ir-sera-equivalente-a-um-14o-salario-diz-haddad\/","title":{"rendered":"Isen\u00e7\u00e3o do IR ser\u00e1 equivalente a um 14\u00ba sal\u00e1rio, diz Haddad"},"content":{"rendered":"\n<p><em>Ministro diz que medida vai aumentar renda dos trabalhadores<\/em><\/p>\n\n\n\n<p>Por Pedro Rafael Vilela &#8211; Rep\u00f3rter da Ag\u00eancia Brasil \/ Foto: Fabio Rodrigues-Pozzebom\/ Ag\u00eancia Brasil<\/p>\n\n\n\n<p><\/p>\n\n\n\n<p>O ministro da Fazenda,&nbsp;<strong>Fernando Haddad, afirmou nesta ter\u00e7a-feira (18) que a isen\u00e7\u00e3o do Imposto de Renda (IR) para quem ganha at\u00e9 R$ 5 mil por m\u00eas vai, na pr\u00e1tica, significar uma renda extra equivalente a um sal\u00e1rio a mais por ano.<\/strong><img decoding=\"async\" src=\"https:\/\/agenciabrasil.ebc.com.br\/ebc.png?id=1635069&amp;o=node\"><img decoding=\"async\" src=\"https:\/\/agenciabrasil.ebc.com.br\/ebc.gif?id=1635069&amp;o=node\"><\/p>\n\n\n\n<blockquote class=\"wp-block-quote is-layout-flow wp-block-quote-is-layout-flow\">\n<p>&#8220;N\u00f3s fizemos as contas. Um trabalhador que ganha na faixa de R$ 4 mil a R$ 5 mil, isso vai significar quase um 14\u00ba sal\u00e1rio. Essa \u00e9 a economia que a pessoa vai ter ao longo de 12 meses, uma economia de quase um sal\u00e1rio mensal. Isso \u00e9 muito importante para uma fam\u00edlia&#8221;, afirmou o ministro durante um evento na f\u00e1brica da montadora Toyota, em Sorocaba (SP).<\/p>\n<\/blockquote>\n\n\n\n<p><strong>Mais cedo, em Bras\u00edlia, o presidente&nbsp;<a href=\"https:\/\/agenciabrasil.ebc.com.br\/politica\/noticia\/2025-03\/lula-entrega-projeto-de-isencao-de-ir-para-quem-ganha-ate-r-5-mil\">Luiz In\u00e1cio Lula da Silva anunciou o envio do projeto de lei que trata da isen\u00e7\u00e3o<\/a>.&nbsp;<\/strong><\/p>\n\n\n\n<p>O texto, que agora ser\u00e1 analisado pelo Congresso Nacional, zera o imposto de renda at\u00e9 R$ 5 mil e cria desconto parcial para aqueles que recebem entre R$ 5 mil e R$ 7 mil, reduzindo o valor pago atualmente.&nbsp;<strong>Se aprovada pelos parlamentares, a medida entra em vigor no ano que vem.<\/strong><\/p>\n\n\n\n<p><strong>Para compensar a perda de arrecada\u00e7\u00e3o, que chegar\u00e1 a R$ 27 bilh\u00f5es por ano, o projeto prev\u00ea a tributa\u00e7\u00e3o m\u00ednima das altas rendas<\/strong>, ampliando a receita com a cobran\u00e7a de imposto de rendimentos isentos, como dividendos de empresas (parte do lucro distribu\u00edda aos acionistas), acima de R$ 600 mil.<\/p>\n\n\n\n<blockquote class=\"wp-block-quote is-layout-flow wp-block-quote-is-layout-flow\">\n<p>&#8220;N\u00f3s vamos beneficiar 10 milh\u00f5es de mulheres e homens. E sabem que vai pagar para que a gente possa dar esse benef\u00edcio para 10 milh\u00f5es? Apenas 141 mil brasileiros que ganham acima de R$ 600 mil por ano, R$ 1 milh\u00e3o por ano.&nbsp;N\u00e3o tem pol\u00edtica mais justa do que essa&#8221;, afirmou Lula no mesmo evento da Toyota, em discursos dirigido aos trabalhadores da multinacional japonesa.<\/p>\n<\/blockquote>\n\n\n\n<p>A visita \u00e0 f\u00e1brica marcou o an\u00fancio de R$ 11,5 bilh\u00f5es em investimentos da Toyota no Brasil at\u00e9 2030, incluindo a constru\u00e7\u00e3o de uma de uma nova linha de montagem para a produ\u00e7\u00e3o de ve\u00edculos h\u00edbridos-flex, que combinam eletrifica\u00e7\u00e3o com biocombust\u00edvel. A expans\u00e3o da Toyota na regi\u00e3o de Sorocaba deve gerar cerca de 2 mil empregos diretos e outros 10 mil indiretos.<br><\/p>\n","protected":false},"excerpt":{"rendered":"<p>Ministro diz que medida vai aumentar renda dos trabalhadores Por Pedro Rafael Vilela &#8211; Rep\u00f3rter<\/p>\n","protected":false},"author":2,"featured_media":100950,"comment_status":"open","ping_status":"open","sticky":false,"template":"","format":"standard","meta":{"footnotes":""},"categories":[17],"tags":[],"class_list":["post-100949","post","type-post","status-publish","format-standard","has-post-thumbnail","hentry","category-outras-noticias"],"_links":{"self":[{"href":"https:\/\/tvc16.com\/portal\/wp-json\/wp\/v2\/posts\/100949","targetHints":{"allow":["GET"]}}],"collection":[{"href":"https:\/\/tvc16.com\/portal\/wp-json\/wp\/v2\/posts"}],"about":[{"href":"https:\/\/tvc16.com\/portal\/wp-json\/wp\/v2\/types\/post"}],"author":[{"embeddable":true,"href":"https:\/\/tvc16.com\/portal\/wp-json\/wp\/v2\/users\/2"}],"replies":[{"embeddable":true,"href":"https:\/\/tvc16.com\/portal\/wp-json\/wp\/v2\/comments?post=100949"}],"version-history":[{"count":1,"href":"https:\/\/tvc16.com\/portal\/wp-json\/wp\/v2\/posts\/100949\/revisions"}],"predecessor-version":[{"id":100951,"href":"https:\/\/tvc16.com\/portal\/wp-json\/wp\/v2\/posts\/100949\/revisions\/100951"}],"wp:featuredmedia":[{"embeddable":true,"href":"https:\/\/tvc16.com\/portal\/wp-json\/wp\/v2\/media\/100950"}],"wp:attachment":[{"href":"https:\/\/tvc16.com\/portal\/wp-json\/wp\/v2\/media?parent=100949"}],"wp:term":[{"taxonomy":"category","embeddable":true,"href":"https:\/\/tvc16.com\/portal\/wp-json\/wp\/v2\/categories?post=100949"},{"taxonomy":"post_tag","embeddable":true,"href":"https:\/\/tvc16.com\/portal\/wp-json\/wp\/v2\/tags?post=100949"}],"curies":[{"name":"wp","href":"https:\/\/api.w.org\/{rel}","templated":true}]}}