{"id":100955,"date":"2025-03-19T08:44:05","date_gmt":"2025-03-19T11:44:05","guid":{"rendered":"https:\/\/tvc16.com\/portal\/?p=100955"},"modified":"2025-03-19T08:44:07","modified_gmt":"2025-03-19T11:44:07","slug":"prefeitura-intensifica-limpeza-na-serra-velha-da-estrela-e-reforca-apelo-a-populacao","status":"publish","type":"post","link":"https:\/\/tvc16.com\/portal\/2025\/03\/19\/prefeitura-intensifica-limpeza-na-serra-velha-da-estrela-e-reforca-apelo-a-populacao\/","title":{"rendered":"Prefeitura intensifica limpeza na Serra Velha da Estrela e refor\u00e7a apelo \u00e0 popula\u00e7\u00e3o"},"content":{"rendered":"\n<p>A Prefeitura de Petr\u00f3polis intensificou, nesta ter\u00e7a-feira (18), os servi\u00e7os de limpeza na Serra Velha da Estrela, com capina, ro\u00e7ada e recolhimento de entulho. A a\u00e7\u00e3o foi realizada pela Companhia Municipal de Desenvolvimento de Petr\u00f3polis (Comdep), que percorreu a regi\u00e3o para mapear demandas e refor\u00e7ar a manuten\u00e7\u00e3o da via. \u201cA Prefeitura segue atuando para garantir a limpeza e a conserva\u00e7\u00e3o de toda a cidade. Estamos realizando diversos mutir\u00f5es de servi\u00e7os para atender as demandas\u201d, afirmou o prefeito Hingo Hammes.<\/p>\n\n\n\n<p>A presidente da Comdep, Fernanda Ferreira, destacou que a comunidade j\u00e1 conta com profissionais fixos para a conserva\u00e7\u00e3o di\u00e1ria e que o trabalho agora est\u00e1 sendo intensificado. &#8220;A Serra Velha da Estrela nunca deixou de ser atendida. Estamos refor\u00e7ando os servi\u00e7os para garantir um ambiente mais limpo e organizado para os moradores e motoristas&#8221;, explicou.<\/p>\n\n\n\n<p>O vereador Dudu, que acompanhou a visita, fez um apelo \u00e0 popula\u00e7\u00e3o para que descarte corretamente os res\u00edduos. &#8220;A limpeza da cidade \u00e9 uma responsabilidade coletiva. Precisamos que a popula\u00e7\u00e3o colabore, evitando o descarte irregular de entulho e lixo nas laterais das lixeiras e nas ruas&#8221;, alertou.<\/p>\n\n\n\n<p>Para Daniela Souza, lideran\u00e7a comunit\u00e1ria da regi\u00e3o, a parceria entre os \u00f3rg\u00e3os tem sido fundamental para manter a Serra Velha em boas condi\u00e7\u00f5es. &#8220;A Comdep est\u00e1 sempre presente, e essa atua\u00e7\u00e3o faz toda a diferen\u00e7a. Agora, pedimos tamb\u00e9m a conscientiza\u00e7\u00e3o dos moradores, porque manter a regi\u00e3o limpa \u00e9 um dever de todos&#8221;, ressaltou.<\/p>\n","protected":false},"excerpt":{"rendered":"<p>A Prefeitura de Petr\u00f3polis intensificou, nesta ter\u00e7a-feira (18), os servi\u00e7os de limpeza na Serra Velha<\/p>\n","protected":false},"author":2,"featured_media":100956,"comment_status":"open","ping_status":"open","sticky":false,"template":"","format":"standard","meta":{"footnotes":""},"categories":[12],"tags":[],"class_list":["post-100955","post","type-post","status-publish","format-standard","has-post-thumbnail","hentry","category-cidade"],"_links":{"self":[{"href":"https:\/\/tvc16.com\/portal\/wp-json\/wp\/v2\/posts\/100955","targetHints":{"allow":["GET"]}}],"collection":[{"href":"https:\/\/tvc16.com\/portal\/wp-json\/wp\/v2\/posts"}],"about":[{"href":"https:\/\/tvc16.com\/portal\/wp-json\/wp\/v2\/types\/post"}],"author":[{"embeddable":true,"href":"https:\/\/tvc16.com\/portal\/wp-json\/wp\/v2\/users\/2"}],"replies":[{"embeddable":true,"href":"https:\/\/tvc16.com\/portal\/wp-json\/wp\/v2\/comments?post=100955"}],"version-history":[{"count":1,"href":"https:\/\/tvc16.com\/portal\/wp-json\/wp\/v2\/posts\/100955\/revisions"}],"predecessor-version":[{"id":100957,"href":"https:\/\/tvc16.com\/portal\/wp-json\/wp\/v2\/posts\/100955\/revisions\/100957"}],"wp:featuredmedia":[{"embeddable":true,"href":"https:\/\/tvc16.com\/portal\/wp-json\/wp\/v2\/media\/100956"}],"wp:attachment":[{"href":"https:\/\/tvc16.com\/portal\/wp-json\/wp\/v2\/media?parent=100955"}],"wp:term":[{"taxonomy":"category","embeddable":true,"href":"https:\/\/tvc16.com\/portal\/wp-json\/wp\/v2\/categories?post=100955"},{"taxonomy":"post_tag","embeddable":true,"href":"https:\/\/tvc16.com\/portal\/wp-json\/wp\/v2\/tags?post=100955"}],"curies":[{"name":"wp","href":"https:\/\/api.w.org\/{rel}","templated":true}]}}