{"id":100958,"date":"2025-03-19T08:49:24","date_gmt":"2025-03-19T11:49:24","guid":{"rendered":"https:\/\/tvc16.com\/portal\/?p=100958"},"modified":"2025-03-19T08:49:27","modified_gmt":"2025-03-19T11:49:27","slug":"confira-a-lista-dos-indicados-ao-premio-maestro-guerra-peixe-2025","status":"publish","type":"post","link":"https:\/\/tvc16.com\/portal\/2025\/03\/19\/confira-a-lista-dos-indicados-ao-premio-maestro-guerra-peixe-2025\/","title":{"rendered":"Confira a lista dos indicados ao pr\u00eamio maestro Guerra-Peixe 2025"},"content":{"rendered":"\n<p><em>O pr\u00eamio mais importante de reconhecimento cultural da Regi\u00e3o Serrana do Estado do Rio de Janeiro vai premiar artistas da cidade de Petr\u00f3polis em 11 categorias<\/em><\/p>\n\n\n\n<p>Nesta ter\u00e7a-feira (18), dia em que se comemora o anivers\u00e1rio do maestro C\u00e9sar Guerra-Peixe, o Instituto Municipal de Cultura &#8211; IMC divulgou a lista dos indicados para a 15\u00aa Edi\u00e7\u00e3o do Pr\u00eamio Maestro Guerra-Peixe, que presta homenagem ao artista petropolitano. Ao todo s\u00e3o 42 trabalhos, que disputam a premia\u00e7\u00e3o mais importante da cultura no interior do estado do Rio de Janeiro em 11 categorias.<\/p>\n\n\n\n<p>\u201cEsse \u00e9 o pr\u00eamio mais importante de reconhecimento e valoriza\u00e7\u00e3o da cultura na nossa cidade, de valoriza\u00e7\u00e3o dos artistas de Petr\u00f3polis. Desde 2009 vem reunindo diversos segmentos e homenageando trabalhos de grande relev\u00e2ncia cultural. S\u00e3o 15 edi\u00e7\u00f5es at\u00e9 agora e, ao longo desses anos, se consolida como uma das premia\u00e7\u00f5es culturais mais importantes do Estado&#8221;, pontuou o prefeito Hingo Hammes.<\/p>\n\n\n\n<p>Na segunda-feira (17), a comiss\u00e3o julgadora, formada por nove agentes culturais, analisou cerca de 120 projetos realizados no ano passado e que se inscreveram atrav\u00e9s de um formul\u00e1rio disponibilizado no site da prefeitura. Os integrantes da comiss\u00e3o, do poder p\u00fablico, foram: Daniela Visconti (apoio administrativo da PMP); J\u00e9ssica Soares (arquivista-chefe da Se\u00e7\u00e3o de Arquivo Hist\u00f3rico Biblioteca Municipal Gabriela Mistral); Lorena Cristiano (bibliotec\u00e1ria\u2013gerente da Biblioteca Municipal Gabriela Mistral) e Vin\u00edcius Ferreira (jornalista da assessoria de comunica\u00e7\u00e3o da PMP); da Sociedade Civil: Andr\u00e9 Amon (m\u00fasico e presidente do Conselho Municipal de Cultura); Carla Coelho (jornalista e produtora cultural); Dafne Souza (figurinista e conselheira de cultura); Jorge Rossi (ator e Conselheiro de Cultura) e M\u00e1rcia Ganem (produtora cultural e Conselheira de Cultura).<\/p>\n\n\n\n<p>\u201cA avalia\u00e7\u00e3o deveria ter sido feita pela gest\u00e3o anterior no decorrer do ano passado e entregue em dezembro como reza o regimento do pr\u00eamio. Como isto n\u00e3o ocorreu, montamos uma for\u00e7a tarefa e o corpo de jurados trabalhou arduamente nesta miss\u00e3o. Felizmente, conseguimos publicar a lista de indicados na data de anivers\u00e1rio do patrono do pr\u00eamio, o compositor petropolitano C\u00e9sar Guerra-Peixe\u201d, pontuou Marco Aur\u00eah, gerente de Pol\u00edticas P\u00fablicas de Cultura e que recentemente retornou \u00e0 comiss\u00e3o organizadora da premia\u00e7\u00e3o, tamb\u00e9m formada por Inez Petri, Andrea Almeida, Cl\u00e1udio Gomide e Ana Lu\u00edza Castro.<\/p>\n\n\n\n<p>A data e o local da solenidade de entrega, quando saberemos quais ser\u00e3o os vendedores em cada categoria, ainda ser\u00e3o anunciados. A lista para inscri\u00e7\u00f5es de novos projetos j\u00e1 est\u00e1 dispon\u00edvel no site da prefeitura. \u201cPara os pr\u00f3ximos anos a gente quer garantir uma valoriza\u00e7\u00e3o ainda maior do pr\u00eamio Guerra-Peixe, que presta essa homenagem a esse que foi um dos grandes nomes n\u00e3o s\u00f3 da cultura da nossa cidade, mas tamb\u00e9m do pa\u00eds. Esse \u00e9 um pr\u00eamio que serve n\u00e3o s\u00f3 de reconhecimento para os artistas da cidade, como tamb\u00e9m de incentivo para que cada vez mais produ\u00e7\u00f5es culturais aconte\u00e7am nos diversos campos, como m\u00fasica, teatro, literatura\u201d, ressaltou o diretor do IMC, Adenilson Honorapo.<\/p>\n\n\n\n<p>Lista dos indicados<br>\u200b<\/p>\n\n\n\n<p>M\u00fasica Popular<\/p>\n\n\n\n<p>Bastumduo &#8211; \u201cCopacabana, Posto 6\u200b\u201d<br>Igor Oggy &#8211; \u201cDemais\u201d<br>Lu Marques &#8211; \u201cSou Lu Marques\u200b\u201d<br>Monica Campos &#8211; \u201cClara &#8211; 40 anos de saudade\u200b\u201d<\/p>\n\n\n\n<p>M\u00fasica Erudita<\/p>\n\n\n\n<p>Angelo Tribuzy e Wally Borghoff &#8211; \u201cSt\u00e4ndchen, Schubert\u200b\u201d<br>Filipe K\u00f6chem &#8211; \u201cTurn\u00ea Internacional 2024\u201d<br>Instituto dos Meninos Cantores de Petr\u00f3polis \u2013 \u201cR\u00e9quiem de Mozart\u201d<br>Rodrigo d\u00b4Avila Martins &#8211; \u201cConcerto de 35 anos do Coral de Petr\u00f3polis\u200b\u201d<\/p>\n\n\n\n<p>Teatro<\/p>\n\n\n\n<p>Dupla Malabaguita &#8211; \u201cCirco no Independ\u00eancia\u200b\u201d<br>\u00c9dio Nunes &#8211; \u201cDire\u00e7\u00e3o de R\u00e1dio Quitanda\u200b\u201d<br>Renan Miranda \u2013 \u201cAtua\u00e7\u00e3o 2024\u200b\u201d<br>Satura Companhia de Teatro &#8211; \u201cJorge, O Santo Guerreiro\u201d<\/p>\n\n\n\n<p>Dan\u00e7a<\/p>\n\n\n\n<p>Ballet Let\u00edcia Fran\u00e7a &#8211; \u201cUm Mundo Ideal\u200b\u201d<br>Daniela Aubaut &#8211; \u201cNo Cora\u00e7\u00e3o da Mata Atl\u00e2ntica\u200b\u201d<br>Luiza Pess\u00f4a \/ Cia Corpoiesis &#8211; \u201cNarrativas Femininas\u200b\u201d<br>J\u00e9ssica Lima &#8211; \u201cVerticalidades\u200b\u201d<\/p>\n\n\n\n<p>Artes Visuais\u200b<\/p>\n\n\n\n<p>Camilo Moreira &#8211; \u201cCriando e Perpetuando Objetos\u200b\u201d<br>Claudia Schloemann &#8211; \u201cExposi\u00e7\u00e3o IMAGO\u200b\u201d<br>Carlos Feij\u00f3 &#8211; \u201cExposi\u00e7\u00e3o Ateli\u00ea Arte Lavrinha\u200b\u201d<br>Wladimir Melo &#8211; \u201cFerramentaria Sagrada\u201d<\/p>\n\n\n\n<p>Literatura<\/p>\n\n\n\n<p>Denilson C Ara\u00fajo &#8211; \u201cA Saga de Mildred e Outras Hist\u00f3rias de Supera\u00e7\u00e3o\u200b\u201d<br>Luiza Rosa Pess\u00f4a &#8211; \u201cA Hist\u00f3ria do Bal\u00e9\u2026\u201d\u200b\u200b<br>Luiza Rosa Pess\u00f4a &#8211; \u201cArte em Debate: Reflex\u00f5es Contempor\u00e2neas\u200b\u201d<br>Mariana Rocha &#8211; \u201cFio de Lume\u200b\u201d<\/p>\n\n\n\n<p>Audiovisual\u200b<\/p>\n\n\n\n<p>Felipe Hutter &#8211; \u201cArte Para Adiar o Fim do Mundo\u200b\u201d<br>Lina Maria Fugita &#8211; \u201cCan\u00e7\u00e3o Para Deocl\u00e9cio\u200b\u201d<br>Lucas Chagas \u2013 \u201cAbsurdo\u200b\u201d<br>Rodolfo Medeiros &#8211; \u201cMarca\u00e7\u00e3o Cerrada\u200b\u201d<\/p>\n\n\n\n<p>Comunica\u00e7\u00e3o<\/p>\n\n\n\n<p>Acontece em Petr\u00f3polis\u200b<br>Nelson Kuster &#8211; Cinco Cl\u00e1ssicos\u200b<br>TVI Informa<br>TV Petr\u00f3polis<\/p>\n\n\n\n<p>Produ\u00e7\u00e3o Cultural \u200b<\/p>\n\n\n\n<p>Alice Cavalcante &#8211; \u201cV Feira de Cer\u00e2mica de Petr\u00f3polis\u200b\u201d<br>Chen Li Cheng &#8211; \u201cII Arrai\u00e1 da Inclus\u00e3o\u200b\u201d<br>Jo\u00e3o Felipe V Lopes Promo\u00e7\u00e3o de Eventos &#8211; \u201cSolst\u00edcio do Som\u200b\u201d<br>Silvana Coelho &#8211; \u201cBaile Gera\u00e7\u00e3o Prateada\u200b\u201d<\/p>\n\n\n\n<p>Novos Talentos \u200b<\/p>\n\n\n\n<p>Elenco do espet\u00e1culo Rainha do Quariter\u00ea, do Brasil e do mundo\u200b<br>Garoto de Petr\u00f3polis\u200b<br>John Salip\u200b<br>Rafael de Toledo Pedroso<\/p>\n\n\n\n<p>A\u00e7\u00f5es Perif\u00e9ricas \u200b<\/p>\n\n\n\n<p>Paula Isnard de Maracaj\u00e1 &#8211; \u201cCineclube Rural\u200b\u201d<br>Wainer Jorge Leite &#8211; \u201cVozes Femininas\u200b\u201d<\/p>\n\n\n\n<p>Not\u00f3rio Reconhecimento<\/p>\n\n\n\n<p>Arthur Varella<\/p>\n","protected":false},"excerpt":{"rendered":"<p>O pr\u00eamio mais importante de reconhecimento cultural da Regi\u00e3o Serrana do Estado do Rio de<\/p>\n","protected":false},"author":2,"featured_media":100959,"comment_status":"open","ping_status":"open","sticky":false,"template":"","format":"standard","meta":{"footnotes":""},"categories":[12],"tags":[],"class_list":["post-100958","post","type-post","status-publish","format-standard","has-post-thumbnail","hentry","category-cidade"],"_links":{"self":[{"href":"https:\/\/tvc16.com\/portal\/wp-json\/wp\/v2\/posts\/100958","targetHints":{"allow":["GET"]}}],"collection":[{"href":"https:\/\/tvc16.com\/portal\/wp-json\/wp\/v2\/posts"}],"about":[{"href":"https:\/\/tvc16.com\/portal\/wp-json\/wp\/v2\/types\/post"}],"author":[{"embeddable":true,"href":"https:\/\/tvc16.com\/portal\/wp-json\/wp\/v2\/users\/2"}],"replies":[{"embeddable":true,"href":"https:\/\/tvc16.com\/portal\/wp-json\/wp\/v2\/comments?post=100958"}],"version-history":[{"count":1,"href":"https:\/\/tvc16.com\/portal\/wp-json\/wp\/v2\/posts\/100958\/revisions"}],"predecessor-version":[{"id":100960,"href":"https:\/\/tvc16.com\/portal\/wp-json\/wp\/v2\/posts\/100958\/revisions\/100960"}],"wp:featuredmedia":[{"embeddable":true,"href":"https:\/\/tvc16.com\/portal\/wp-json\/wp\/v2\/media\/100959"}],"wp:attachment":[{"href":"https:\/\/tvc16.com\/portal\/wp-json\/wp\/v2\/media?parent=100958"}],"wp:term":[{"taxonomy":"category","embeddable":true,"href":"https:\/\/tvc16.com\/portal\/wp-json\/wp\/v2\/categories?post=100958"},{"taxonomy":"post_tag","embeddable":true,"href":"https:\/\/tvc16.com\/portal\/wp-json\/wp\/v2\/tags?post=100958"}],"curies":[{"name":"wp","href":"https:\/\/api.w.org\/{rel}","templated":true}]}}