{"id":100966,"date":"2025-03-19T11:13:34","date_gmt":"2025-03-19T14:13:34","guid":{"rendered":"https:\/\/tvc16.com\/portal\/?p=100966"},"modified":"2025-03-19T11:13:37","modified_gmt":"2025-03-19T14:13:37","slug":"petropolis-sob-lentes-do-passado-e-presente-exposicao-gratuita-reune-comparativos-antes-e-depois-da-cidade-2","status":"publish","type":"post","link":"https:\/\/tvc16.com\/portal\/2025\/03\/19\/petropolis-sob-lentes-do-passado-e-presente-exposicao-gratuita-reune-comparativos-antes-e-depois-da-cidade-2\/","title":{"rendered":"Petr\u00f3polis Sob Lentes do passado e presente: exposi\u00e7\u00e3o gratuita re\u00fane comparativos antes e depois da cidade"},"content":{"rendered":"\n<p><em>Exposi\u00e7\u00e3o fica em cartaz at\u00e9 dia 15 de abril na Caracol Chocolates na Avenida Ipiranga, n\u00famero 524<\/em><\/p>\n\n\n\n<p>Desde que foi fundado em 2018, o projeto Petr\u00f3polis Sob Lentes, de autoria da jornalista Carolina Freitas, teve como marca registrada a constru\u00e7\u00e3o de comparativos visuais que evidenciam as transforma\u00e7\u00f5es vividas pela cidade atrav\u00e9s do tempo. Neste s\u00e1bado (15\/03), v\u00e9spera do anivers\u00e1rio da cidade, Carolina inaugurou sua primeira exposi\u00e7\u00e3o na Caracol Chocolates, na Avenida Ipiranga, 524, com 18 fotografias que transportam o p\u00fablico ao passado e presente do munic\u00edpio. A visita\u00e7\u00e3o \u00e9 gratuita e pode ser feita at\u00e9 15 de abril.<\/p>\n\n\n\n<p>Pautada por fotografias da Cole\u00e7\u00e3o de Jos\u00e9 Kopke Fr\u00f3es, pertencente ao Museu Imperial, e de registros autorais que \u201crecriam\u201d as cenas do s\u00e9culo XX no presente, a exposi\u00e7\u00e3o re\u00fane imagens de locais e temas que foram abordados por Carolina nos seus primeiros anos de atua\u00e7\u00e3o no jornalismo de mem\u00f3ria e que, portanto, s\u00e3o carregadas de significado para o seu trabalho de resgate e valoriza\u00e7\u00e3o da hist\u00f3ria local. Entre as fotografias est\u00e3o registros dos extintos Petr\u00f3polis T\u00eanis Clube, Palace Hotel e da Rua do Imperador sem o Obelisco.<\/p>\n\n\n\n<p>\u201cFoi uma enorme satisfa\u00e7\u00e3o organizar e promover essa exposi\u00e7\u00e3o usando como gancho o anivers\u00e1rio da cidade. Jos\u00e9 Kopke Fr\u00f3es foi um apaixonado pela hist\u00f3ria do munic\u00edpio que construiu uma cole\u00e7\u00e3o com mais de 1,8 mil fotografias de Petr\u00f3polis no passado. Ele \u00e9 muito lembrado pelas exposi\u00e7\u00f5es que costumava promover no pr\u00e9dio dos Correios. Sua cole\u00e7\u00e3o foi o ponto de partida para que eu tamb\u00e9m me apaixonasse pelo passado da cidade, ent\u00e3o poder recriar essas imagens e lev\u00e1-las a p\u00fablico tem um significado especial\u201d.<\/p>\n\n\n\n<p>A inaugura\u00e7\u00e3o da exposi\u00e7\u00e3o, que carrega o nome \u201cPetr\u00f3polis Sob Lentes do passado e presente\u201d aconteceu em meio a programa\u00e7\u00e3o da segunda edi\u00e7\u00e3o do Chocolate com Hist\u00f3ria. O evento, idealizado e promovido por Carolina, mescla saberes e sabores a partir da realiza\u00e7\u00e3o de encontros mensais sobre a hist\u00f3ria local. Cada encontro conta com um tema e convidados diferentes. A programa\u00e7\u00e3o pode ser acompanhada no perfil @petropolisoblentes no Instagram.<\/p>\n","protected":false},"excerpt":{"rendered":"<p>Exposi\u00e7\u00e3o fica em cartaz at\u00e9 dia 15 de abril na Caracol Chocolates na Avenida Ipiranga,<\/p>\n","protected":false},"author":2,"featured_media":100967,"comment_status":"open","ping_status":"open","sticky":false,"template":"","format":"standard","meta":{"footnotes":""},"categories":[12],"tags":[],"class_list":["post-100966","post","type-post","status-publish","format-standard","has-post-thumbnail","hentry","category-cidade"],"_links":{"self":[{"href":"https:\/\/tvc16.com\/portal\/wp-json\/wp\/v2\/posts\/100966","targetHints":{"allow":["GET"]}}],"collection":[{"href":"https:\/\/tvc16.com\/portal\/wp-json\/wp\/v2\/posts"}],"about":[{"href":"https:\/\/tvc16.com\/portal\/wp-json\/wp\/v2\/types\/post"}],"author":[{"embeddable":true,"href":"https:\/\/tvc16.com\/portal\/wp-json\/wp\/v2\/users\/2"}],"replies":[{"embeddable":true,"href":"https:\/\/tvc16.com\/portal\/wp-json\/wp\/v2\/comments?post=100966"}],"version-history":[{"count":1,"href":"https:\/\/tvc16.com\/portal\/wp-json\/wp\/v2\/posts\/100966\/revisions"}],"predecessor-version":[{"id":100968,"href":"https:\/\/tvc16.com\/portal\/wp-json\/wp\/v2\/posts\/100966\/revisions\/100968"}],"wp:featuredmedia":[{"embeddable":true,"href":"https:\/\/tvc16.com\/portal\/wp-json\/wp\/v2\/media\/100967"}],"wp:attachment":[{"href":"https:\/\/tvc16.com\/portal\/wp-json\/wp\/v2\/media?parent=100966"}],"wp:term":[{"taxonomy":"category","embeddable":true,"href":"https:\/\/tvc16.com\/portal\/wp-json\/wp\/v2\/categories?post=100966"},{"taxonomy":"post_tag","embeddable":true,"href":"https:\/\/tvc16.com\/portal\/wp-json\/wp\/v2\/tags?post=100966"}],"curies":[{"name":"wp","href":"https:\/\/api.w.org\/{rel}","templated":true}]}}