{"id":10097,"date":"2021-02-03T22:15:08","date_gmt":"2021-02-04T01:15:08","guid":{"rendered":"https:\/\/tvc16.com\/portal\/?p=10097"},"modified":"2021-02-03T22:15:11","modified_gmt":"2021-02-04T01:15:11","slug":"nesta-quarta-feira-uma-operacao-da-cptrans-guarda-municipal-e-detran-coibiu-a-circulacao-de-motos-irregulares-na-praca-da-liberdade-e-avenida-barao-do-rio-branco","status":"publish","type":"post","link":"https:\/\/tvc16.com\/portal\/2021\/02\/03\/nesta-quarta-feira-uma-operacao-da-cptrans-guarda-municipal-e-detran-coibiu-a-circulacao-de-motos-irregulares-na-praca-da-liberdade-e-avenida-barao-do-rio-branco\/","title":{"rendered":"Nesta quarta-feira, uma opera\u00e7\u00e3o da CPTrans, Guarda Municipal e Detran coibiu a circula\u00e7\u00e3o de motos irregulares, na Pra\u00e7a da Liberdade e Avenida Bar\u00e3o do Rio Branco"},"content":{"rendered":"\n<p>A opera\u00e7\u00e3o terminou com balan\u00e7o de 103 abordagens, que resultaram em 155 notifica\u00e7\u00f5es. Oitenta delas foram emitidas pela companhia e as outras 75, pelo Detran.<br>O foco da a\u00e7\u00e3o era verificar, principalmente, a circula\u00e7\u00e3o de motos barulhentas, mas carros tamb\u00e9m foram abordados. Segundo Luciano Moreira, presidente da CPTrans, foram verificados diferentes tipos de infra\u00e7\u00f5es, como por exemplo, a altera\u00e7\u00e3o de caracter\u00edsticas veiculares.<br>Tamb\u00e9m foram flagradas situa\u00e7\u00f5es de transporte irregular, equipamentos de seguran\u00e7a fora de especifica\u00e7\u00e3o, uso de celular e falta do cinto de seguran\u00e7a.<\/p>\n","protected":false},"excerpt":{"rendered":"<p>A opera\u00e7\u00e3o terminou com balan\u00e7o de 103 abordagens, que resultaram em 155 notifica\u00e7\u00f5es. Oitenta delas<\/p>\n","protected":false},"author":2,"featured_media":10098,"comment_status":"open","ping_status":"open","sticky":false,"template":"","format":"standard","meta":{"footnotes":""},"categories":[12],"tags":[],"class_list":["post-10097","post","type-post","status-publish","format-standard","has-post-thumbnail","hentry","category-cidade"],"_links":{"self":[{"href":"https:\/\/tvc16.com\/portal\/wp-json\/wp\/v2\/posts\/10097","targetHints":{"allow":["GET"]}}],"collection":[{"href":"https:\/\/tvc16.com\/portal\/wp-json\/wp\/v2\/posts"}],"about":[{"href":"https:\/\/tvc16.com\/portal\/wp-json\/wp\/v2\/types\/post"}],"author":[{"embeddable":true,"href":"https:\/\/tvc16.com\/portal\/wp-json\/wp\/v2\/users\/2"}],"replies":[{"embeddable":true,"href":"https:\/\/tvc16.com\/portal\/wp-json\/wp\/v2\/comments?post=10097"}],"version-history":[{"count":1,"href":"https:\/\/tvc16.com\/portal\/wp-json\/wp\/v2\/posts\/10097\/revisions"}],"predecessor-version":[{"id":10099,"href":"https:\/\/tvc16.com\/portal\/wp-json\/wp\/v2\/posts\/10097\/revisions\/10099"}],"wp:featuredmedia":[{"embeddable":true,"href":"https:\/\/tvc16.com\/portal\/wp-json\/wp\/v2\/media\/10098"}],"wp:attachment":[{"href":"https:\/\/tvc16.com\/portal\/wp-json\/wp\/v2\/media?parent=10097"}],"wp:term":[{"taxonomy":"category","embeddable":true,"href":"https:\/\/tvc16.com\/portal\/wp-json\/wp\/v2\/categories?post=10097"},{"taxonomy":"post_tag","embeddable":true,"href":"https:\/\/tvc16.com\/portal\/wp-json\/wp\/v2\/tags?post=10097"}],"curies":[{"name":"wp","href":"https:\/\/api.w.org\/{rel}","templated":true}]}}