{"id":100973,"date":"2025-03-19T15:29:08","date_gmt":"2025-03-19T18:29:08","guid":{"rendered":"https:\/\/tvc16.com\/portal\/?p=100973"},"modified":"2025-03-19T15:29:09","modified_gmt":"2025-03-19T18:29:09","slug":"defesa-civil-aciona-primeiro-toque-de-sirene-para-possibilidade-de-chuva-moderada-a-muito-forte-no-municipio-2","status":"publish","type":"post","link":"https:\/\/tvc16.com\/portal\/2025\/03\/19\/defesa-civil-aciona-primeiro-toque-de-sirene-para-possibilidade-de-chuva-moderada-a-muito-forte-no-municipio-2\/","title":{"rendered":"Defesa Civil aciona primeiro toque de sirene para possibilidade de chuva moderada a muito forte no munic\u00edpio"},"content":{"rendered":"\n<p>A Defesa Civil de Petr\u00f3polis, \u00e0s 15h15 desta quarta-feira (19\/03), fez o acionamento do primeiro toque de sirene para o primeiro e terceiro distritos, por conta da possibilidade de chuva moderada a muito forte no munic\u00edpio, mas destaca que ainda n\u00e3o \u00e9 necess\u00e1rio o deslocamento para os pontos de apoio. Diante disso, o \u00f3rg\u00e3o pede que a popula\u00e7\u00e3o fique atenta \u00e0s pr\u00f3ximas atualiza\u00e7\u00f5es.<\/p>\n\n\n\n<p><strong>Como receber os alertas <\/strong><\/p>\n\n\n\n<p>Cadastre o seu CEP atrav\u00e9s do envio de mensagem de texto para o n\u00famero 40199 para receber os alertas e acompanhe o portal da Prefeitura de Petr\u00f3polis. O boletim meteorol\u00f3gico atualizar\u00e1 a previs\u00e3o do tempo para a cidade, podendo ser acessado atrav\u00e9s do link: https:\/\/www.petropolis.rj.gov.br\/boletim.<\/p>\n\n\n\n<p><strong>Concer<\/strong><\/p>\n\n\n\n<p>A Concer informou \u00e0s 15h26 que chove na Serra de Petr\u00f3polis. A regi\u00e3o ainda apresneta visibilidade parcial devido \u00e0 neblina e as pistas est\u00e3o escorregadias. Diante disso, a recomenda\u00e7\u00e3o \u00e9 que os motoristas reduzam a velocidade e evitem acidentes.<\/p>\n\n\n\n<p>Foto: arquivo PMP<\/p>\n","protected":false},"excerpt":{"rendered":"<p>A Defesa Civil de Petr\u00f3polis, \u00e0s 15h15 desta quarta-feira (19\/03), fez o acionamento do primeiro<\/p>\n","protected":false},"author":2,"featured_media":47638,"comment_status":"open","ping_status":"open","sticky":false,"template":"","format":"standard","meta":{"footnotes":""},"categories":[12],"tags":[],"class_list":["post-100973","post","type-post","status-publish","format-standard","has-post-thumbnail","hentry","category-cidade"],"_links":{"self":[{"href":"https:\/\/tvc16.com\/portal\/wp-json\/wp\/v2\/posts\/100973","targetHints":{"allow":["GET"]}}],"collection":[{"href":"https:\/\/tvc16.com\/portal\/wp-json\/wp\/v2\/posts"}],"about":[{"href":"https:\/\/tvc16.com\/portal\/wp-json\/wp\/v2\/types\/post"}],"author":[{"embeddable":true,"href":"https:\/\/tvc16.com\/portal\/wp-json\/wp\/v2\/users\/2"}],"replies":[{"embeddable":true,"href":"https:\/\/tvc16.com\/portal\/wp-json\/wp\/v2\/comments?post=100973"}],"version-history":[{"count":1,"href":"https:\/\/tvc16.com\/portal\/wp-json\/wp\/v2\/posts\/100973\/revisions"}],"predecessor-version":[{"id":100974,"href":"https:\/\/tvc16.com\/portal\/wp-json\/wp\/v2\/posts\/100973\/revisions\/100974"}],"wp:featuredmedia":[{"embeddable":true,"href":"https:\/\/tvc16.com\/portal\/wp-json\/wp\/v2\/media\/47638"}],"wp:attachment":[{"href":"https:\/\/tvc16.com\/portal\/wp-json\/wp\/v2\/media?parent=100973"}],"wp:term":[{"taxonomy":"category","embeddable":true,"href":"https:\/\/tvc16.com\/portal\/wp-json\/wp\/v2\/categories?post=100973"},{"taxonomy":"post_tag","embeddable":true,"href":"https:\/\/tvc16.com\/portal\/wp-json\/wp\/v2\/tags?post=100973"}],"curies":[{"name":"wp","href":"https:\/\/api.w.org\/{rel}","templated":true}]}}