{"id":100978,"date":"2025-03-20T05:00:00","date_gmt":"2025-03-20T08:00:00","guid":{"rendered":"https:\/\/tvc16.com\/portal\/?p=100978"},"modified":"2025-03-19T16:33:57","modified_gmt":"2025-03-19T19:33:57","slug":"claudio-castro-prestigia-primeiro-aulao-do-enem-rj-programa-de-preparacao-para-alunos-da-rede-estadual","status":"publish","type":"post","link":"https:\/\/tvc16.com\/portal\/2025\/03\/20\/claudio-castro-prestigia-primeiro-aulao-do-enem-rj-programa-de-preparacao-para-alunos-da-rede-estadual\/","title":{"rendered":"Cl\u00e1udio Castro prestigia primeiro aul\u00e3o do Enem RJ, programa de prepara\u00e7\u00e3o para alunos da rede estadual"},"content":{"rendered":"\n<p><em>A iniciativa in\u00e9dita busca proporcionar melhores condi\u00e7\u00f5es para que os estudantes realizem o Exame Nacional do Ensino M\u00e9dio<\/em><\/p>\n\n\n\n<p>O governador Cl\u00e1udio Castro prestigiou, na quarta-feira (19\/03), o primeiro aul\u00e3o do Enem RJ, programa da Secretaria de Educa\u00e7\u00e3o que tem como objetivo preparar os estudantes da rede estadual para o Exame Nacional do Ensino M\u00e9dio (Enem). A iniciativa gratuita e in\u00e9dita reuniu cerca de 650 alunos no Teatro Cec\u00edlia Meireles, na Lapa. A plataforma une tecnologia e metodologias avan\u00e7adas para facilitar o acesso ao Ensino Superior e melhorar os indicadores de aprendizado.<\/p>\n\n\n\n<p>\u2013 Estamos dando um passo fundamental para garantir que nossos alunos tenham as melhores oportunidades de ingressar no Ensino Superior. O Enem RJ \u00e9 uma iniciativa inovadora. Queremos que cada jovem do nosso estado tenha as ferramentas necess\u00e1rias para construir um futuro promissor \u2013 declarou o governador Cl\u00e1udio Castro.<\/p>\n\n\n\n<p>O Enem RJ atende estudantes da 2\u00aa e 3\u00aa s\u00e9ries do Ensino M\u00e9dio e da Educa\u00e7\u00e3o de Jovens e Adultos (EJA), oferecendo material did\u00e1tico digital, videoaulas alinhadas \u00e0 Base Nacional Comum Curricular, al\u00e9m de simulados, corre\u00e7\u00e3o de reda\u00e7\u00e3o e relat\u00f3rios individuais de desempenho. Um dos grandes diferenciais do programa \u00e9 o uso de intelig\u00eancia artificial, que cria trilhas de estudo personalizadas, respeitando o ritmo e as dificuldades de cada aluno.<\/p>\n\n\n\n<p>Todos os recursos s\u00e3o desenvolvidos com base em metodologias que se adaptam \u00e0s necessidades espec\u00edficas deles e auxiliam no desenvolvimento de habilidades fundamentais para o exame nacional.&nbsp;<\/p>\n\n\n\n<p>\u2013 O Enem RJ \u00e9 muito especial. Lan\u00e7amos um desafio para construir um cen\u00e1rio melhor, para que os nossos estudantes sejam bem-sucedidos em todas as avalia\u00e7\u00f5es. Vamos desenvolver o aprendizado e o conhecimento de todos, para que cada um possa seguir suas aptid\u00f5es e projetos de vida. Estamos construindo o presente e plantando o futuro \u2013 enalteceu a secret\u00e1ria de Educa\u00e7\u00e3o, Roberta Barreto.<\/p>\n\n\n\n<p>O projeto cria ferramentas para atrair e engajar estudantes cada vez mais inseridos no universo digital, aliando os mais modernos recursos tecnol\u00f3gicos a metodologias consagradas de ensino.&nbsp;<\/p>\n\n\n\n<p><strong>Prepara\u00e7\u00e3o para o desafio<\/strong><\/p>\n\n\n\n<p>A prepara\u00e7\u00e3o para encarar o vestibular j\u00e1 come\u00e7ou para as alunas Yasmin Caldas e Gabriela Lesse, do Col\u00e9gio Estadual Marechal Zen\u00f3bio da Costa, em Nil\u00f3polis, na Baixada Fluminense. As estudantes j\u00e1 conquistaram duas medalhas de bronze em olimp\u00edadas internacionais de matem\u00e1tica, uma conquistada em 2023, na Copernicus, em Nova York, e a segunda em 2024, na Asia International Mathematical Olympiad (AIMO), em Seul, na Coreia do Sul.&nbsp;<\/p>\n\n\n\n<p>Agora, o desafio \u00e9 conciliar os estudos para as competi\u00e7\u00f5es e para o vestibular.&nbsp;<\/p>\n\n\n\n<p>\u2013 Vamos competir na AIMO novamente este ano. Dessa vez ser\u00e1 no Jap\u00e3o, e nossa expectativa \u00e9 conseguir muitas conquistas, de repente at\u00e9 uma medalha maior que o bronze. Nossa rotina vai ser corrida, s\u00e3o muitas mat\u00e9rias para estudar, mas contamos com a ajuda das nossas fam\u00edlias, da nossa escola. Essa ferramenta que o governo disponibilizou para n\u00f3s vai ajudar muito, ser\u00e1 muito \u00fatil tamb\u00e9m para quem n\u00e3o tem uma condi\u00e7\u00e3o financeira alta \u2013 contou Yasmin.<\/p>\n\n\n\n<p>A estudante Gabriela Lesse pretende atuar na \u00e1rea da Engenharia, e contou que o programa Enem RJ vai auxiliar, principalmente na organiza\u00e7\u00e3o das mat\u00e9rias para estudar.<\/p>\n\n\n\n<p>\u2013 J\u00e1 temos muita ajuda da nossa escola. Acredito que o nosso preparo j\u00e1 \u00e9 muito bom. Mas \u00e9 \u00f3timo tamb\u00e9m saber que podemos contar com esse aux\u00edlio em casa. Pretendo participar de todos os aul\u00f5es e tirar o m\u00e1ximo de conhecimento poss\u00edvel para poder fazer a prova \u2013 enfatizou.<\/p>\n\n\n\n<p><strong>Inclus\u00e3o<\/strong><\/p>\n\n\n\n<p>O programa tamb\u00e9m investe na acessibilidade, garantindo que todas as videoaulas tenham legendas e tradu\u00e7\u00e3o simult\u00e2nea para Libras, permitindo que mais estudantes tenham acesso ao conte\u00fado. Al\u00e9m disso, os professores da rede estadual tamb\u00e9m poder\u00e3o utilizar a plataforma para aprimorar a prepara\u00e7\u00e3o das aulas, garantindo um ensino mais eficiente e din\u00e2mico.<\/p>\n\n\n\n<p>A iniciativa conta com a parceria da Britannica Education, do grupo Enciclop\u00e9dia, e j\u00e1 apresentou excelentes resultados em outros estados. No Rio de Janeiro, a expectativa \u00e9 que o Enem RJ engaje e motive os estudantes, unindo os mais modernos recursos tecnol\u00f3gicos a metodologias consagradas de ensino.<\/p>\n\n\n\n<p>Para acessar a plataforma, basta entrar no link&nbsp;<a rel=\"noreferrer noopener\" target=\"_blank\" href=\"https:\/\/na01.safelinks.protection.outlook.com\/?url=http%3A%2F%2Fenem.educacao.rj.gov.br%2F&amp;data=05%7C02%7C%7C1e73f51f29f54b425ce308dd671abccb%7C84df9e7fe9f640afb435aaaaaaaaaaaa%7C1%7C0%7C638780086713743306%7CUnknown%7CTWFpbGZsb3d8eyJFbXB0eU1hcGkiOnRydWUsIlYiOiIwLjAuMDAwMCIsIlAiOiJXaW4zMiIsIkFOIjoiTWFpbCIsIldUIjoyfQ%3D%3D%7C0%7C%7C%7C&amp;sdata=ZYRapDDn5qr2gUcNEY594OHGmR3ZBtzlIYEe4OLjm6g%3D&amp;reserved=0\">enem.educacao.rj.gov.br<\/a>. No primeiro acesso, o estudante deve colocar sua matr\u00edcula no campo \u201cUsu\u00e1rio\u201d e repetir esse dado no campo \u201cSenha\u201d. Para professores e servidores, o processo \u00e9 o mesmo, sendo que a identifica\u00e7\u00e3o \u00e9 o ID profissional. Assim que se logar no sistema, o usu\u00e1rio dever\u00e1 criar uma nova senha.<\/p>\n\n\n\n<p>Al\u00e9m disso, as aulas ser\u00e3o transmitidas pela TV Alerj e pelo canal da secretaria no Youtube (<a rel=\"noreferrer noopener\" target=\"_blank\" href=\"https:\/\/na01.safelinks.protection.outlook.com\/?url=https%3A%2F%2Fwww.youtube.com%2Fseeducrio&amp;data=05%7C02%7C%7C1e73f51f29f54b425ce308dd671abccb%7C84df9e7fe9f640afb435aaaaaaaaaaaa%7C1%7C0%7C638780086713765231%7CUnknown%7CTWFpbGZsb3d8eyJFbXB0eU1hcGkiOnRydWUsIlYiOiIwLjAuMDAwMCIsIlAiOiJXaW4zMiIsIkFOIjoiTWFpbCIsIldUIjoyfQ%3D%3D%7C0%7C%7C%7C&amp;sdata=KgGGG61037v%2F5kPg7bsC5idohhuwliCqxXTjLJEDLKU%3D&amp;reserved=0\">https:\/\/www.youtube.com\/seeducrio<\/a>).<\/p>\n\n\n\n<p>Foto: Rafael Campos\/Estado<\/p>\n","protected":false},"excerpt":{"rendered":"<p>A iniciativa in\u00e9dita busca proporcionar melhores condi\u00e7\u00f5es para que os estudantes realizem o Exame Nacional<\/p>\n","protected":false},"author":2,"featured_media":100979,"comment_status":"open","ping_status":"open","sticky":false,"template":"","format":"standard","meta":{"footnotes":""},"categories":[17],"tags":[],"class_list":["post-100978","post","type-post","status-publish","format-standard","has-post-thumbnail","hentry","category-outras-noticias"],"_links":{"self":[{"href":"https:\/\/tvc16.com\/portal\/wp-json\/wp\/v2\/posts\/100978","targetHints":{"allow":["GET"]}}],"collection":[{"href":"https:\/\/tvc16.com\/portal\/wp-json\/wp\/v2\/posts"}],"about":[{"href":"https:\/\/tvc16.com\/portal\/wp-json\/wp\/v2\/types\/post"}],"author":[{"embeddable":true,"href":"https:\/\/tvc16.com\/portal\/wp-json\/wp\/v2\/users\/2"}],"replies":[{"embeddable":true,"href":"https:\/\/tvc16.com\/portal\/wp-json\/wp\/v2\/comments?post=100978"}],"version-history":[{"count":1,"href":"https:\/\/tvc16.com\/portal\/wp-json\/wp\/v2\/posts\/100978\/revisions"}],"predecessor-version":[{"id":100980,"href":"https:\/\/tvc16.com\/portal\/wp-json\/wp\/v2\/posts\/100978\/revisions\/100980"}],"wp:featuredmedia":[{"embeddable":true,"href":"https:\/\/tvc16.com\/portal\/wp-json\/wp\/v2\/media\/100979"}],"wp:attachment":[{"href":"https:\/\/tvc16.com\/portal\/wp-json\/wp\/v2\/media?parent=100978"}],"wp:term":[{"taxonomy":"category","embeddable":true,"href":"https:\/\/tvc16.com\/portal\/wp-json\/wp\/v2\/categories?post=100978"},{"taxonomy":"post_tag","embeddable":true,"href":"https:\/\/tvc16.com\/portal\/wp-json\/wp\/v2\/tags?post=100978"}],"curies":[{"name":"wp","href":"https:\/\/api.w.org\/{rel}","templated":true}]}}