{"id":100981,"date":"2025-03-20T05:00:00","date_gmt":"2025-03-20T08:00:00","guid":{"rendered":"https:\/\/tvc16.com\/portal\/?p=100981"},"modified":"2025-03-19T16:38:15","modified_gmt":"2025-03-19T19:38:15","slug":"caps-ii-promove-dia-do-autocuidado-para-familiares-de-pacientes-da-unidade","status":"publish","type":"post","link":"https:\/\/tvc16.com\/portal\/2025\/03\/20\/caps-ii-promove-dia-do-autocuidado-para-familiares-de-pacientes-da-unidade\/","title":{"rendered":"CAPS II promove dia do autocuidado para familiares de pacientes da unidade"},"content":{"rendered":"\n<p><strong><em>A a\u00e7\u00e3o aconteceu em homenagem ao dia internacional da mulher&nbsp;<\/em><\/strong><\/p>\n\n\n\n<p>Na \u00faltima semana, em homenagem ao Dia Internacional das Mulheres, a Secretaria Municipal de Sa\u00fade atrav\u00e9s do Centro de Aten\u00e7\u00e3o Psicossocial (CAPS II)&nbsp; realizou um evento especial intitulado \u201cDia do autocuidado\u201d, com a participa\u00e7\u00e3o das familiares de usu\u00e1rios do CAPS II, compostas por irm\u00e3s, m\u00e3es, tias e cunhadas. O evento teve como objetivo promover a sa\u00fade f\u00edsica e mental das mulheres presentes, que tamb\u00e9m s\u00e3o cuidadoras dos pacientes atendidos pela unidade. Durante o encontro, as participantes foram incentivadas a desenvolver comportamentos que favorecem seu pr\u00f3prio bem-estar, ao mesmo tempo em que cuidam umas das outras, fortalecendo o conceito de sororidade e empatia entre mulheres com hist\u00f3rias de vida distintas, mas com desafios em comum.<\/p>\n\n\n\n<p>A data escolhida para o evento n\u00e3o poderia ser mais simb\u00f3lica, considerando o papel fundamental das mulheres no cuidado de seus familiares, muitas vezes sem o apoio necess\u00e1rio. No contexto do evento, os cuidados com o corpo e a mente se tornaram uma forma de reflex\u00e3o e de valoriza\u00e7\u00e3o pessoal, proporcionando momentos de descontra\u00e7\u00e3o e autocuidado. Durante o encontro, as participantes tiveram a oportunidade de usufruir de servi\u00e7os como corte de cabelo, massagem capilar, escovas e massagens corporais, al\u00e9m de um delicioso caf\u00e9 da manh\u00e3 com diversos petiscos. O evento tamb\u00e9m promoveu uma s\u00e9rie de discuss\u00f5es sobre as pr\u00e1ticas de autocuidado e as estrat\u00e9gias que cada mulher utiliza para relaxar e cuidar de si mesma.<\/p>\n\n\n\n<p>A organiza\u00e7\u00e3o do evento contou com o apoio de diversos profissionais, incluindo a assistente social Daniela Moura, que foi a facilitadora da a\u00e7\u00e3o, a fisioterapeuta Helienne Lantim, a oficineira Marilda Aparecida, a coordenadora de Sa\u00fade Mental Emanuelle Torres e o novo coordenador do CAPS II, o enfermeiro Maximiliano Souza. A a\u00e7\u00e3o foi um marco importante para fortalecer os la\u00e7os de apoio entre as mulheres, promover o autocuidado e reconhecer a import\u00e2ncia do papel delas, n\u00e3o apenas como cuidadoras, mas tamb\u00e9m como seres que merecem cuidados e aten\u00e7\u00e3o em suas pr\u00f3prias jornadas.<\/p>\n\n\n\n<p>Fotos: Divulga\u00e7\u00e3o\u00a0<\/p>\n","protected":false},"excerpt":{"rendered":"<p>A a\u00e7\u00e3o aconteceu em homenagem ao dia internacional da mulher&nbsp; Na \u00faltima semana, em homenagem<\/p>\n","protected":false},"author":2,"featured_media":100982,"comment_status":"open","ping_status":"open","sticky":false,"template":"","format":"standard","meta":{"footnotes":""},"categories":[17],"tags":[],"class_list":["post-100981","post","type-post","status-publish","format-standard","has-post-thumbnail","hentry","category-outras-noticias"],"_links":{"self":[{"href":"https:\/\/tvc16.com\/portal\/wp-json\/wp\/v2\/posts\/100981","targetHints":{"allow":["GET"]}}],"collection":[{"href":"https:\/\/tvc16.com\/portal\/wp-json\/wp\/v2\/posts"}],"about":[{"href":"https:\/\/tvc16.com\/portal\/wp-json\/wp\/v2\/types\/post"}],"author":[{"embeddable":true,"href":"https:\/\/tvc16.com\/portal\/wp-json\/wp\/v2\/users\/2"}],"replies":[{"embeddable":true,"href":"https:\/\/tvc16.com\/portal\/wp-json\/wp\/v2\/comments?post=100981"}],"version-history":[{"count":1,"href":"https:\/\/tvc16.com\/portal\/wp-json\/wp\/v2\/posts\/100981\/revisions"}],"predecessor-version":[{"id":100983,"href":"https:\/\/tvc16.com\/portal\/wp-json\/wp\/v2\/posts\/100981\/revisions\/100983"}],"wp:featuredmedia":[{"embeddable":true,"href":"https:\/\/tvc16.com\/portal\/wp-json\/wp\/v2\/media\/100982"}],"wp:attachment":[{"href":"https:\/\/tvc16.com\/portal\/wp-json\/wp\/v2\/media?parent=100981"}],"wp:term":[{"taxonomy":"category","embeddable":true,"href":"https:\/\/tvc16.com\/portal\/wp-json\/wp\/v2\/categories?post=100981"},{"taxonomy":"post_tag","embeddable":true,"href":"https:\/\/tvc16.com\/portal\/wp-json\/wp\/v2\/tags?post=100981"}],"curies":[{"name":"wp","href":"https:\/\/api.w.org\/{rel}","templated":true}]}}