{"id":100984,"date":"2025-03-20T05:00:00","date_gmt":"2025-03-20T08:00:00","guid":{"rendered":"https:\/\/tvc16.com\/portal\/?p=100984"},"modified":"2025-03-19T16:41:53","modified_gmt":"2025-03-19T19:41:53","slug":"violentometro-onibus-em-teresopolis-terao-cartaz-de-alerta-sobre-violencia-contra-as-mulheres","status":"publish","type":"post","link":"https:\/\/tvc16.com\/portal\/2025\/03\/20\/violentometro-onibus-em-teresopolis-terao-cartaz-de-alerta-sobre-violencia-contra-as-mulheres\/","title":{"rendered":"Violent\u00f4metro: \u00d4nibus em Teres\u00f3polis ter\u00e3o cartaz de alerta sobre viol\u00eancia contra as mulheres"},"content":{"rendered":"\n<p>Na tarde da \u00faltima ter\u00e7a-feira, 18, o prefeito Leonardo Vasconcellos formalizou um compromisso em apoio \u00e0 Campanha Contra a Viol\u00eancia \u00e0 Mulher. A iniciativa, promovida pela Secretaria Municipal dos Direitos da Mulher em parceria com a Via\u00e7\u00e3o Dedo de Deus, visa\u00a0conscientizar a popula\u00e7\u00e3o sobre os diversos tipos de viol\u00eancia que afetam as mulheres.<\/p>\n\n\n\n<p>A partir de agora, nos \u00f4nibus da cidade estar\u00e3o adesivados com o Violent\u00f4metro, uma ferramenta visual adaptada para ajudar mulheres e a sociedade a reconhecer os sinais de viol\u00eancias, desde as formas mais sutis, como controle e indiferen\u00e7a, at\u00e9 as mais graves, como amea\u00e7as e agress\u00f5es.<\/p>\n\n\n\n<p>A Secret\u00e1ria dos Direitos da Mulher, K\u00e1tia Borges, ressaltou que, apesar de tentativas anteriores da Via\u00e7\u00e3o, somente agora foi poss\u00edvel concretizar esse acordo, o que demonstra a preocupa\u00e7\u00e3o do Prefeito com essa quest\u00e3o fundamental e seu compromisso com as&nbsp;mulheres da cidade. \u201cA partir de agora, nossos \u00f4nibus ter\u00e3o adesivos informativos e oferecer\u00e3o recursos para que as mulheres possam solicitar ajuda de forma eficaz. Mulher segura \u00e9 mulher protegida!\u201d, enfatizou K\u00e1tia, acompanhada do Marcelo Oliveira, diretor da empresa, e da Mar\u00edlia Figueiredo, coordenadora de responsabilidade social.<\/p>\n\n\n\n<p><strong>Fotos: Thiago e divulga\u00e7\u00e3o.<\/strong><\/p>\n","protected":false},"excerpt":{"rendered":"<p>Na tarde da \u00faltima ter\u00e7a-feira, 18, o prefeito Leonardo Vasconcellos formalizou um compromisso em apoio<\/p>\n","protected":false},"author":2,"featured_media":100985,"comment_status":"open","ping_status":"open","sticky":false,"template":"","format":"standard","meta":{"footnotes":""},"categories":[17],"tags":[],"class_list":["post-100984","post","type-post","status-publish","format-standard","has-post-thumbnail","hentry","category-outras-noticias"],"_links":{"self":[{"href":"https:\/\/tvc16.com\/portal\/wp-json\/wp\/v2\/posts\/100984","targetHints":{"allow":["GET"]}}],"collection":[{"href":"https:\/\/tvc16.com\/portal\/wp-json\/wp\/v2\/posts"}],"about":[{"href":"https:\/\/tvc16.com\/portal\/wp-json\/wp\/v2\/types\/post"}],"author":[{"embeddable":true,"href":"https:\/\/tvc16.com\/portal\/wp-json\/wp\/v2\/users\/2"}],"replies":[{"embeddable":true,"href":"https:\/\/tvc16.com\/portal\/wp-json\/wp\/v2\/comments?post=100984"}],"version-history":[{"count":1,"href":"https:\/\/tvc16.com\/portal\/wp-json\/wp\/v2\/posts\/100984\/revisions"}],"predecessor-version":[{"id":100986,"href":"https:\/\/tvc16.com\/portal\/wp-json\/wp\/v2\/posts\/100984\/revisions\/100986"}],"wp:featuredmedia":[{"embeddable":true,"href":"https:\/\/tvc16.com\/portal\/wp-json\/wp\/v2\/media\/100985"}],"wp:attachment":[{"href":"https:\/\/tvc16.com\/portal\/wp-json\/wp\/v2\/media?parent=100984"}],"wp:term":[{"taxonomy":"category","embeddable":true,"href":"https:\/\/tvc16.com\/portal\/wp-json\/wp\/v2\/categories?post=100984"},{"taxonomy":"post_tag","embeddable":true,"href":"https:\/\/tvc16.com\/portal\/wp-json\/wp\/v2\/tags?post=100984"}],"curies":[{"name":"wp","href":"https:\/\/api.w.org\/{rel}","templated":true}]}}