{"id":100990,"date":"2025-03-20T05:00:00","date_gmt":"2025-03-20T08:00:00","guid":{"rendered":"https:\/\/tvc16.com\/portal\/?p=100990"},"modified":"2025-03-19T16:46:03","modified_gmt":"2025-03-19T19:46:03","slug":"semana-da-mulher-acoes-palestras-e-servicos-gratuitos-em-homenagem-as-mulheres","status":"publish","type":"post","link":"https:\/\/tvc16.com\/portal\/2025\/03\/20\/semana-da-mulher-acoes-palestras-e-servicos-gratuitos-em-homenagem-as-mulheres\/","title":{"rendered":"Semana da Mulher: A\u00e7\u00f5es, Palestras e Servi\u00e7os Gratuitos em Homenagem \u00e0s Mulheres"},"content":{"rendered":"\n<p>Em celebra\u00e7\u00e3o ao m\u00eas da Mulher, o Centro Integrado de Estudos e Programas de Desenvolvimento Sustent\u00e1vel (CIEDS) est\u00e1 promovendo um evento especial voltado para o p\u00fablico feminino, com diversas atividades, palestras e servi\u00e7os gratuitos. O evento acontece na Av. Delfim Moreira, n\u00ba 295, na V\u00e1rzea (primeira porta de vidro \u00e0 direita na vila em frente \u00e0 loja Pernambucanas), com o intuito de promover o bem-estar e os direitos das mulheres.<\/p>\n\n\n\n<p>A iniciativa conta com o apoio da Prefeitura de Teres\u00f3polis, atrav\u00e9s das secretarias municipais dos Direitos da Mulher e de Trabalho, Emprego e Economia Solid\u00e1ria, al\u00e9m de outras institui\u00e7\u00f5es parceiras.<\/p>\n\n\n\n<p>PROGRAMA\u00c7\u00c3O<\/p>\n\n\n\n<p>QUINTA &#8211; 20\/03&nbsp;<\/p>\n\n\n\n<p>14h30 \u00e0s 16h30 &#8211; Acolhimento Psicol\u00f3gico com alunos de Psicologia da Universidade Est\u00e1cio de S\u00e1;&nbsp;<\/p>\n\n\n\n<p>9h30 \u00e0s 12h30 &#8211; Sess\u00f5es e workshops de massagem e maquiagem.&nbsp;<\/p>\n\n\n\n<p>SEXTA &#8211; 21\/03&nbsp;<\/p>\n\n\n\n<p>13h \u00e0s 16h &#8211; Emiss\u00e3o de documentos gratuita em parceria com a Funda\u00e7\u00e3o Le\u00e3o XIII;&nbsp;<\/p>\n\n\n\n<p>9h30 \u00e0s 12h30 &#8211; Sess\u00f5es e workshops de massagem e maquiagem.<\/p>\n","protected":false},"excerpt":{"rendered":"<p>Em celebra\u00e7\u00e3o ao m\u00eas da Mulher, o Centro Integrado de Estudos e Programas de Desenvolvimento<\/p>\n","protected":false},"author":2,"featured_media":100991,"comment_status":"open","ping_status":"open","sticky":false,"template":"","format":"standard","meta":{"footnotes":""},"categories":[17],"tags":[],"class_list":["post-100990","post","type-post","status-publish","format-standard","has-post-thumbnail","hentry","category-outras-noticias"],"_links":{"self":[{"href":"https:\/\/tvc16.com\/portal\/wp-json\/wp\/v2\/posts\/100990","targetHints":{"allow":["GET"]}}],"collection":[{"href":"https:\/\/tvc16.com\/portal\/wp-json\/wp\/v2\/posts"}],"about":[{"href":"https:\/\/tvc16.com\/portal\/wp-json\/wp\/v2\/types\/post"}],"author":[{"embeddable":true,"href":"https:\/\/tvc16.com\/portal\/wp-json\/wp\/v2\/users\/2"}],"replies":[{"embeddable":true,"href":"https:\/\/tvc16.com\/portal\/wp-json\/wp\/v2\/comments?post=100990"}],"version-history":[{"count":1,"href":"https:\/\/tvc16.com\/portal\/wp-json\/wp\/v2\/posts\/100990\/revisions"}],"predecessor-version":[{"id":100992,"href":"https:\/\/tvc16.com\/portal\/wp-json\/wp\/v2\/posts\/100990\/revisions\/100992"}],"wp:featuredmedia":[{"embeddable":true,"href":"https:\/\/tvc16.com\/portal\/wp-json\/wp\/v2\/media\/100991"}],"wp:attachment":[{"href":"https:\/\/tvc16.com\/portal\/wp-json\/wp\/v2\/media?parent=100990"}],"wp:term":[{"taxonomy":"category","embeddable":true,"href":"https:\/\/tvc16.com\/portal\/wp-json\/wp\/v2\/categories?post=100990"},{"taxonomy":"post_tag","embeddable":true,"href":"https:\/\/tvc16.com\/portal\/wp-json\/wp\/v2\/tags?post=100990"}],"curies":[{"name":"wp","href":"https:\/\/api.w.org\/{rel}","templated":true}]}}