{"id":101000,"date":"2025-03-22T05:00:00","date_gmt":"2025-03-22T08:00:00","guid":{"rendered":"https:\/\/tvc16.com\/portal\/?p=101000"},"modified":"2025-03-19T18:21:18","modified_gmt":"2025-03-19T21:21:18","slug":"camara-aprova-projeto-de-lei-que-institui-feira-anual-para-mulheres-empreendedoras","status":"publish","type":"post","link":"https:\/\/tvc16.com\/portal\/2025\/03\/22\/camara-aprova-projeto-de-lei-que-institui-feira-anual-para-mulheres-empreendedoras\/","title":{"rendered":"C\u00e2mara aprova projeto de lei que institui feira anual para mulheres empreendedoras"},"content":{"rendered":"\n<p>A C\u00e2mara Municipal aprovou na \u00faltima quarta-feira (19), o projeto de lei que institui a \u201cFeira da Mulher Empreendedora\u201d no munic\u00edpio. O evento anual tem como objetivo promover e valorizar o empreendedorismo feminino, contribuindo para o fortalecimento dos neg\u00f3cios liderados por mulheres e incentivando a autonomia econ\u00f4mica.<\/p>\n\n\n\n<p>De acordo com o projeto, a Feira da Mulher Empreendedora ser\u00e1 realizada preferencialmente no m\u00eas de mar\u00e7o, em alus\u00e3o ao Dia Internacional da Mulher, em locais p\u00fablicos de grande circula\u00e7\u00e3o, como pra\u00e7as, espa\u00e7os culturais e vias centrais da cidade. A iniciativa visa criar um ambiente inclusivo e acess\u00edvel, com espa\u00e7os adequados para a exposi\u00e7\u00e3o de produtos e servi\u00e7os, al\u00e9m de garantir a participa\u00e7\u00e3o de mulheres em situa\u00e7\u00f5es de vulnerabilidade socioecon\u00f4mica, como m\u00e3es at\u00edpicas, mulheres com defici\u00eancia e aquelas em situa\u00e7\u00e3o de viol\u00eancia dom\u00e9stica ou familiar.<\/p>\n\n\n\n<p>Al\u00e9m da comercializa\u00e7\u00e3o de produtos, o evento contar\u00e1 com diversas atividades complementares, como oficinas de gest\u00e3o financeira, marketing digital, e formaliza\u00e7\u00e3o de neg\u00f3cios, bem como palestras e workshops voltados para m\u00e3es at\u00edpicas e mulheres em situa\u00e7\u00f5es especiais, abordando temas como concilia\u00e7\u00e3o entre os cuidados e a gest\u00e3o de neg\u00f3cios.<\/p>\n\n\n\n<p>Em sua justificativa, a autora do projeto, vereadora Gilda Beatriz destacou que a Feira da Mulher Empreendedora representa uma poderosa ferramenta para reduzir as desigualdades de g\u00eanero no mercado de trabalho, fomentar a inova\u00e7\u00e3o e garantir o acesso a capacita\u00e7\u00e3o, cr\u00e9dito e redes de apoio, especialmente para mulheres que enfrentam barreiras para o desenvolvimento de seus neg\u00f3cios.<\/p>\n\n\n\n<p>Foto: divulga\u00e7\u00e3o <\/p>\n","protected":false},"excerpt":{"rendered":"<p>A C\u00e2mara Municipal aprovou na \u00faltima quarta-feira (19), o projeto de lei que institui a<\/p>\n","protected":false},"author":2,"featured_media":101001,"comment_status":"open","ping_status":"open","sticky":false,"template":"","format":"standard","meta":{"footnotes":""},"categories":[12],"tags":[],"class_list":["post-101000","post","type-post","status-publish","format-standard","has-post-thumbnail","hentry","category-cidade"],"_links":{"self":[{"href":"https:\/\/tvc16.com\/portal\/wp-json\/wp\/v2\/posts\/101000","targetHints":{"allow":["GET"]}}],"collection":[{"href":"https:\/\/tvc16.com\/portal\/wp-json\/wp\/v2\/posts"}],"about":[{"href":"https:\/\/tvc16.com\/portal\/wp-json\/wp\/v2\/types\/post"}],"author":[{"embeddable":true,"href":"https:\/\/tvc16.com\/portal\/wp-json\/wp\/v2\/users\/2"}],"replies":[{"embeddable":true,"href":"https:\/\/tvc16.com\/portal\/wp-json\/wp\/v2\/comments?post=101000"}],"version-history":[{"count":1,"href":"https:\/\/tvc16.com\/portal\/wp-json\/wp\/v2\/posts\/101000\/revisions"}],"predecessor-version":[{"id":101002,"href":"https:\/\/tvc16.com\/portal\/wp-json\/wp\/v2\/posts\/101000\/revisions\/101002"}],"wp:featuredmedia":[{"embeddable":true,"href":"https:\/\/tvc16.com\/portal\/wp-json\/wp\/v2\/media\/101001"}],"wp:attachment":[{"href":"https:\/\/tvc16.com\/portal\/wp-json\/wp\/v2\/media?parent=101000"}],"wp:term":[{"taxonomy":"category","embeddable":true,"href":"https:\/\/tvc16.com\/portal\/wp-json\/wp\/v2\/categories?post=101000"},{"taxonomy":"post_tag","embeddable":true,"href":"https:\/\/tvc16.com\/portal\/wp-json\/wp\/v2\/tags?post=101000"}],"curies":[{"name":"wp","href":"https:\/\/api.w.org\/{rel}","templated":true}]}}