{"id":101003,"date":"2025-03-22T05:00:00","date_gmt":"2025-03-22T08:00:00","guid":{"rendered":"https:\/\/tvc16.com\/portal\/?p=101003"},"modified":"2025-03-19T18:25:53","modified_gmt":"2025-03-19T21:25:53","slug":"empreendedorismo-feminino-informalidade-desafia-politicas-publicas","status":"publish","type":"post","link":"https:\/\/tvc16.com\/portal\/2025\/03\/22\/empreendedorismo-feminino-informalidade-desafia-politicas-publicas\/","title":{"rendered":"Empreendedorismo feminino: informalidade desafia pol\u00edticas p\u00fablicas"},"content":{"rendered":"\n<p>Na vendinha de frutas na porta de casa, no carrinho de pipoca em frente \u00e0&nbsp;igreja, com as&nbsp; roupas e perfumes no porta-malas do carro, no sal\u00e3o de cabeleireiro&nbsp;que abriu no quintal.&nbsp;Na rotina, mulheres empreendedoras informais est\u00e3o com um olho no futuro, de como fazer melhorar o neg\u00f3cio que criou para si, e&nbsp;com o outro&nbsp;atentas ao rel\u00f3gio para n\u00e3o atrasar no hor\u00e1rio em que a crian\u00e7a sai da escola.<img decoding=\"async\" src=\"https:\/\/agenciabrasil.ebc.com.br\/ebc.png?id=1635078&amp;o=node\"><img decoding=\"async\" src=\"https:\/\/agenciabrasil.ebc.com.br\/ebc.gif?id=1635078&amp;o=node\"><\/p>\n\n\n\n<p>De acordo com pesquisadoras e gestores p\u00fablicos, o<strong>&nbsp;empreendedorismo feminino \u00e9 tocado por m\u00e3es (70%), tem faturamento m\u00e9dio&nbsp;de aproximadamente&nbsp;R$ 2 mil&nbsp; e uma situa\u00e7\u00e3o de&nbsp;informalidade que desafia as pol\u00edticas p\u00fablicas no pa\u00eds<\/strong>. Nessa&nbsp;ter\u00e7a (18), o governo promoveu&nbsp;o painel&nbsp;&#8220;Vozes do Empreendedorismo Feminino: Conectando Saberes e A\u00e7\u00f5es&#8221;&nbsp;e ouviu de especialistas e autoridades que o<strong>&nbsp;caminho de facilitar linhas de cr\u00e9dito e possibilitar capacita\u00e7\u00e3o s\u00e3o fundamentais para efetivamente melhorar o cen\u00e1rio.&nbsp;<\/strong><\/p>\n\n\n\n<h2 class=\"wp-block-heading\">Mazelas<\/h2>\n\n\n\n<p>A professora Daiane Batista, da Universidade Federal da Bahia (UFBA), \u00e9 pesquisadora do tema \u201cTrajet\u00f3rias de vida e neg\u00f3cios das pessoas negras no Brasil\u201d. Ela foi uma das conferencistas&nbsp;do evento. \u201cA gente identifica todas essas mazelas no processo de empreender das mulheres\u201d. Para Daiane, uma das principais motiva\u00e7\u00f5es \u00e9 que a maioria das mulheres busca&nbsp;empreender porque foi&nbsp;oprimida&nbsp;no trabalho formal.<\/p>\n\n\n\n<p>As mulheres empreendem tamb\u00e9m, segundo a pesquisadora, porque s\u00e3o m\u00e3es e precisam de mais tempo para cuidar dos filhos. \u201cElas t\u00eam essa percep\u00e7\u00e3o de que a flexibilidade do empreender vai possibilitar mais cuidado com os filhos\u201d.<\/p>\n\n\n\n<p>Entre as considera\u00e7\u00f5es, Daiane Batista lembra&nbsp;que as mulheres negras, que s\u00e3o a maioria da popula\u00e7\u00e3o do Brasil, em termos percentuais, est\u00e3o em mais condi\u00e7\u00f5es de informalidade e com neg\u00f3cios que s\u00e3o abertos nas pr\u00f3prias resid\u00eancias.<\/p>\n\n\n\n<blockquote class=\"wp-block-quote is-layout-flow wp-block-quote-is-layout-flow\">\n<p>\u201cAs empreendedoras precisam, o tempo todo, acionar a pr\u00f3pria criatividade e construir solu\u00e7\u00f5es para conseguir viabilizar a sua iniciativa sem dinheiro\u201d.<\/p>\n<\/blockquote>\n\n\n\n<figure class=\"wp-block-image\"><img loading=\"lazy\" decoding=\"async\" width=\"754\" height=\"503\" src=\"https:\/\/tvc16.com\/portal\/wp-content\/uploads\/2025\/03\/0d4a5615.webp\" alt=\"Bras\u00edlia (DF), 18\/03\/2025 - Ministra das Mulheres, Cida Gon\u00e7alves, participa do painel \" class=\"wp-image-101005\" title=\"Ant\u00f4nio Cruz\/Ag\u00eancia Brasil\" srcset=\"https:\/\/tvc16.com\/portal\/wp-content\/uploads\/2025\/03\/0d4a5615.webp 754w, https:\/\/tvc16.com\/portal\/wp-content\/uploads\/2025\/03\/0d4a5615-300x200.webp 300w\" sizes=\"auto, (max-width: 754px) 100vw, 754px\" \/><\/figure>\n\n\n\n<h6 class=\"wp-block-heading\">Painel Vozes do Empreendedorismo Feminino.&nbsp;<strong>Foto:&nbsp;Ant\u00f4nio Cruz\/Ag\u00eancia Brasil<\/strong><\/h6>\n\n\n\n<h2 class=\"wp-block-heading\">Motiva\u00e7\u00f5es&nbsp;<\/h2>\n\n\n\n<p>Outra pesquisadora, Caroline Moreira de Aguiar, l\u00edder das \u00e1reas de educa\u00e7\u00e3o e projetos do Instituto da Rede Mulher Empreendedora, apresentou, nessa ter\u00e7a, uma pesquisa nacional que mostra alguns dos desafios pelos quais passam mulheres para empreender. Acesso a cr\u00e9dito e gest\u00e3o financeira continuam sendo os desafios principais de gest\u00e3o desse neg\u00f3cio que a pesquisa identificou.&nbsp;<\/p>\n\n\n\n<p><strong>A dificuldade de equilibrar a vida pessoal e profissional tamb\u00e9m impacta os neg\u00f3cios. Um dado \u00e9 que, dentro da amostra pesquisada (de 2.010 pessoas), mais de 70% eram m\u00e3es.&nbsp;<\/strong><\/p>\n\n\n\n<p>\u201cElas come\u00e7am a empreender motivadas pela p\u00f3s-maternidade, ou porque sa\u00edram do mercado de trabalho, ou porque veem no empreendedorismo uma forma de ter flexibilidade de hor\u00e1rio\u201d, explica&nbsp;<\/p>\n\n\n\n<p>&nbsp;Outro fator que a pesquisa indicou \u00e9 que mulheres, independentemente de serem m\u00e3es, tamb\u00e9m s\u00e3o as pessoas que cuidam tanto de idosos, de outras pessoas, cuidam da casa.<\/p>\n\n\n\n<blockquote class=\"wp-block-quote is-layout-flow wp-block-quote-is-layout-flow\">\n<p>\u201cO que a gente tem percebido \u00e9 que a gest\u00e3o do neg\u00f3cio se soma a todas essas outras jornadas de cuidado\u201d. Por isso,&nbsp;tem poucas horas do dia para administrar \u201ctodas essas jornadas de trabalho, que a gente chama de jornada dupla e tripla\u201d.<\/p>\n<\/blockquote>\n\n\n\n<p>Ela diz que as mulheres come\u00e7am a empreender sem nenhum investimento financeiro. \u201cMuitas vezes, com recursos pr\u00f3prios e at\u00e9 mesmo dentro da rede de apoio que&nbsp;t\u00eam\u201d.&nbsp;<\/p>\n\n\n\n<p>Outro dado que a pesquisa mostra \u00e9 que esses faturamentos n\u00e3o ultrapassam muito os R$ 2 mil. \u201cEla acaba ficando naquela situa\u00e7\u00e3o onde tudo que fatura, basicamente, coloca de novo no neg\u00f3cio, fazendo com que essa iniciativa&nbsp;n\u00e3o cres\u00e7a. Ent\u00e3o, ela se mant\u00e9m quase estagnada\u201d.<\/p>\n\n\n\n<p>A pesquisa ainda mostra&nbsp;que as dificuldades s\u00e3o maiores para mulheres pretas e pardas. \u201cEm geral, elas se sentem mais sobrecarregadas\u201d.<\/p>\n\n\n\n<h2 class=\"wp-block-heading\">\u201c\u00c9 para sobreviver\u201d<\/h2>\n\n\n\n<p>A ministra das Mulheres, Cida Gon\u00e7alves, diz&nbsp;que as empreendedoras criam neg\u00f3cios para sobreviver.<\/p>\n\n\n\n<blockquote class=\"wp-block-quote is-layout-flow wp-block-quote-is-layout-flow\">\n<p>\u201cPrecisamos fazer com que as mulheres empreendedoras tenham acesso \u00e0s finan\u00e7as e a todos os recursos, e ainda possam vender os produtos delas nos mercados (internos e at\u00e9 externos).<\/p>\n<\/blockquote>\n\n\n\n<figure class=\"wp-block-image\"><img loading=\"lazy\" decoding=\"async\" width=\"754\" height=\"503\" src=\"https:\/\/tvc16.com\/portal\/wp-content\/uploads\/2025\/03\/0d4a5639.webp\" alt=\"Bras\u00edlia (DF), 18\/03\/2025 - Ministra das Mulheres, Cida Gon\u00e7alves, participa do painel \" class=\"wp-image-101006\" title=\"Ant\u00f4nio Cruz\/Ag\u00eancia Brasil\" srcset=\"https:\/\/tvc16.com\/portal\/wp-content\/uploads\/2025\/03\/0d4a5639.webp 754w, https:\/\/tvc16.com\/portal\/wp-content\/uploads\/2025\/03\/0d4a5639-300x200.webp 300w\" sizes=\"auto, (max-width: 754px) 100vw, 754px\" \/><\/figure>\n\n\n\n<p>Ministra das Mulheres, Cida Gon\u00e7alves, participa do painel &#8220;Vozes do Empreendedorismo Feminino: Conectando Saberes e A\u00e7\u00f5es&#8221;, como parte das celebra\u00e7\u00f5es do Dia Internacional da Mulher.&nbsp;Foto&nbsp;<strong>Ant\u00f4nio Cruz\/Ag\u00eancia Brasil<\/strong><\/p>\n\n\n\n<p>Segundo Cida, o governo federal tem investido recursos para que as mulheres possam criar seus pr\u00f3prios neg\u00f3cios e ter qualifica\u00e7\u00e3o com diversos parceiros nos estados, nos munic\u00edpios e com apoio do Executivo.<\/p>\n\n\n\n<p>Para ela, as desigualdades estabelecidas no pa\u00eds s\u00e3o os grandes desafios. \u201cAs mulheres da regi\u00e3o amaz\u00f4nica t\u00eam um desafio, do Nordeste t\u00eam outro. Quilombolas e ind\u00edgenas, outros Onde houver desigualdade, \u00e9 o lugar que precisamos investir\u201d, acrescentou.<\/p>\n\n\n\n<h2 class=\"wp-block-heading\">Cr\u00e9dito federal<\/h2>\n\n\n\n<p>O secret\u00e1rio executivo do Minist\u00e9rio do Empreendedorismo, da Microempresa e da Empresa de Pequeno Porte, Tadeu Alencar,&nbsp;considera que o decreto com a Estrat\u00e9gia Nacional do Empreendedorismo Feminino foi um passo importante para facilitar o acesso de mulheres empreendedoras.&nbsp;<a href=\"https:\/\/www.planalto.gov.br\/ccivil_03\/_ato2023-2026\/2024\/decreto\/d11994.htm\" target=\"_blank\" rel=\"noreferrer noopener\">Confira a legisla\u00e7\u00e3o<\/a>.<\/p>\n\n\n\n<p>Alencar citou o financiamento Procred 360, que faz parte do&nbsp;<a href=\"https:\/\/www.gov.br\/memp\/pt-br\/programa-acredita\/procred360\" target=\"_blank\" rel=\"noreferrer noopener\">programa Acredita<\/a>. Trata-se de uma linha de cr\u00e9dito oferecida pelos bancos p\u00fablicos, pelas cooperativas&nbsp;e por institui\u00e7\u00f5es financeiras privadas&nbsp; que oferecem a possibilidade de financiamento de 30% do faturamento no exerc\u00edcio anterior.<\/p>\n\n\n\n<p>\u201cQuando se trata de empresas dirigidas por mulheres, lideradas por mulheres, esse percentual aumenta para 50%, o que permite que tamb\u00e9m as ofertas de financiamento de cr\u00e9dito \u00e0s mulheres possam ser prestigiadas\u201d, diz o secret\u00e1rio.<\/p>\n\n\n\n<p>Esse valor \u00e9 aplicado a&nbsp;empresas microempreendedoras individuais e microempresas que t\u00eam faturamento de at\u00e9 R$ 360 mil. Para ele, grupos minorit\u00e1rios precisam de aten\u00e7\u00e3o, como as mulheres quilombolas, ind\u00edgenas, da zona rural, da agricultura familiar, e das periferias possam ter acesso.&nbsp;<\/p>\n\n\n\n<p>Alencar chamou a aten\u00e7\u00e3o para o fato de que, em geral, a oferta de cr\u00e9dito para as mulheres \u00e9 sempre muito menor.&nbsp;<\/p>\n\n\n\n<blockquote class=\"wp-block-quote is-layout-flow wp-block-quote-is-layout-flow\">\n<p>\u201cQuando se vai fazer a avalia\u00e7\u00e3o de risco de cr\u00e9dito, geralmente se pensa que as mulheres t\u00eam menos prote\u00e7\u00e3o&nbsp;para honrar os seus pagamentos.&nbsp;O&nbsp;que a gente v\u00ea na pr\u00e1tica \u00e9 que as mulheres s\u00e3o muito melhor pagadoras do que os homens\u201d, afirmou.<\/p>\n<\/blockquote>\n\n\n\n<p>Tamb\u00e9m do minist\u00e9rio, a coordenadora Raquel Ribeiro, da \u00e1rea de&nbsp;inclus\u00e3o socioprodutiva e de empreendedorismo feminino, acrescentou que uma das li\u00e7\u00f5es do evento \u00e9 a necessidade de uma articula\u00e7\u00e3o intersetorial e interministerial em prol de pol\u00edticas e iniciativas pr\u00f3prias.&nbsp;<\/p>\n\n\n\n<p>Ela entende que as mulheres foram historicamente marginalizadas sem acesso a direitos e as condi\u00e7\u00f5es para empreender:&nbsp;\u201c\u00c0s mulheres n\u00e3o foram dadas, ao longo do tempo, as mesmas garantias que os homens tiveram\u201d.<\/p>\n\n\n\n<p>Dentro do que ainda precisa ser feito, um caminho tem sido a articula\u00e7\u00e3o em torno do Comit\u00ea e da Estrat\u00e9gia Nacional de Empreendedorismo Feminino. A&nbsp;estimativa \u00e9 de que 10,3 milh\u00f5es de mulheres empreendem no Brasil, incluindo as trabalhadoras informais.&nbsp;<\/p>\n\n\n\n<p>Luiz Claudio Ferreira &#8211; Rep\u00f3rter da Ag\u00eancia Brasil<br>Foto: Ant\u00f4nio Cruz\/Ag\u00eancia Brasil<br><\/p>\n","protected":false},"excerpt":{"rendered":"<p>Na vendinha de frutas na porta de casa, no carrinho de pipoca em frente \u00e0&nbsp;igreja,<\/p>\n","protected":false},"author":2,"featured_media":101004,"comment_status":"open","ping_status":"open","sticky":false,"template":"","format":"standard","meta":{"footnotes":""},"categories":[17],"tags":[],"class_list":["post-101003","post","type-post","status-publish","format-standard","has-post-thumbnail","hentry","category-outras-noticias"],"_links":{"self":[{"href":"https:\/\/tvc16.com\/portal\/wp-json\/wp\/v2\/posts\/101003","targetHints":{"allow":["GET"]}}],"collection":[{"href":"https:\/\/tvc16.com\/portal\/wp-json\/wp\/v2\/posts"}],"about":[{"href":"https:\/\/tvc16.com\/portal\/wp-json\/wp\/v2\/types\/post"}],"author":[{"embeddable":true,"href":"https:\/\/tvc16.com\/portal\/wp-json\/wp\/v2\/users\/2"}],"replies":[{"embeddable":true,"href":"https:\/\/tvc16.com\/portal\/wp-json\/wp\/v2\/comments?post=101003"}],"version-history":[{"count":1,"href":"https:\/\/tvc16.com\/portal\/wp-json\/wp\/v2\/posts\/101003\/revisions"}],"predecessor-version":[{"id":101007,"href":"https:\/\/tvc16.com\/portal\/wp-json\/wp\/v2\/posts\/101003\/revisions\/101007"}],"wp:featuredmedia":[{"embeddable":true,"href":"https:\/\/tvc16.com\/portal\/wp-json\/wp\/v2\/media\/101004"}],"wp:attachment":[{"href":"https:\/\/tvc16.com\/portal\/wp-json\/wp\/v2\/media?parent=101003"}],"wp:term":[{"taxonomy":"category","embeddable":true,"href":"https:\/\/tvc16.com\/portal\/wp-json\/wp\/v2\/categories?post=101003"},{"taxonomy":"post_tag","embeddable":true,"href":"https:\/\/tvc16.com\/portal\/wp-json\/wp\/v2\/tags?post=101003"}],"curies":[{"name":"wp","href":"https:\/\/api.w.org\/{rel}","templated":true}]}}