{"id":101008,"date":"2025-03-23T05:00:00","date_gmt":"2025-03-23T08:00:00","guid":{"rendered":"https:\/\/tvc16.com\/portal\/?p=101008"},"modified":"2025-03-19T18:28:33","modified_gmt":"2025-03-19T21:28:33","slug":"vereador-propoe-criacao-de-centros-de-apoio-para-mulheres-vitimas-de-violencia-familiar","status":"publish","type":"post","link":"https:\/\/tvc16.com\/portal\/2025\/03\/23\/vereador-propoe-criacao-de-centros-de-apoio-para-mulheres-vitimas-de-violencia-familiar\/","title":{"rendered":"Vereador prop\u00f5e cria\u00e7\u00e3o de centros de apoio para mulheres v\u00edtimas de viol\u00eancia familiar"},"content":{"rendered":"\n<p>A C\u00e2mara Municipal aprovou a indica\u00e7\u00e3o legislativa, que sugere a cria\u00e7\u00e3o e manuten\u00e7\u00e3o dos Centros de Refer\u00eancia previstos pela Lei Maria da Penha, com o objetivo de oferecer atendimentos integrais e multidisciplinares para mulheres e seus dependentes em situa\u00e7\u00e3o de viol\u00eancia dom\u00e9stica e familiar.<\/p>\n\n\n\n<p>A cria\u00e7\u00e3o de Centros de Refer\u00eancia \u00e9 uma medida fundamental para o resgate e fortalecimento da autoestima das mulheres v\u00edtimas de viol\u00eancia. Esses centros t\u00eam a miss\u00e3o de conectar os diversos servi\u00e7os dispon\u00edveis, tanto no \u00e2mbito municipal, estadual e federal, com a sociedade civil, criando uma rede de apoio efetiva e de f\u00e1cil acesso.<\/p>\n\n\n\n<p>Esses centros facilitar\u00e3o a circula\u00e7\u00e3o de informa\u00e7\u00f5es e recursos (materiais e simb\u00f3licos) que podem melhorar a qualidade de vida das mulheres, oferecendo recursos necess\u00e1rios e estimulando sua vincula\u00e7\u00e3o com a rede de atendimento. Com o apoio de profissionais qualificados, os centros proporcionar\u00e3o um atendimento completo, que visa tanto a prote\u00e7\u00e3o imediata quanto o suporte a longo prazo, oferecendo acolhimento, orienta\u00e7\u00e3o e ajuda para a reintegra\u00e7\u00e3o social das mulheres.<\/p>\n\n\n\n<p>A medida de autoria do Vereador Gil Magno, visa garantir um espa\u00e7o seguro e de apoio cont\u00ednuo para mulheres que enfrentam situa\u00e7\u00f5es de viol\u00eancia dom\u00e9stica e familiar, promovendo o resgate da dignidade e da autonomia dessas mulheres.<\/p>\n\n\n\n<p>&#8220;A cria\u00e7\u00e3o dos Centros de Refer\u00eancia \u00e9 um passo essencial para garantir o atendimento integral \u00e0s mulheres v\u00edtimas de viol\u00eancia. Esses centros ser\u00e3o espa\u00e7os fundamentais de acolhimento, onde as mulheres poder\u00e3o encontrar apoio, orienta\u00e7\u00e3o e, acima de tudo, a possibilidade de reconstruir suas vidas. Nosso compromisso \u00e9 fortalecer a rede de prote\u00e7\u00e3o e proporcionar um futuro melhor para todas elas&#8221;, afirmou Gil Magno.<\/p>\n\n\n\n<p>Foto: \u00a9 Arquivo Ag\u00eancia Brasil<br><\/p>\n","protected":false},"excerpt":{"rendered":"<p>A C\u00e2mara Municipal aprovou a indica\u00e7\u00e3o legislativa, que sugere a cria\u00e7\u00e3o e manuten\u00e7\u00e3o dos Centros<\/p>\n","protected":false},"author":2,"featured_media":101009,"comment_status":"open","ping_status":"open","sticky":false,"template":"","format":"standard","meta":{"footnotes":""},"categories":[12],"tags":[],"class_list":["post-101008","post","type-post","status-publish","format-standard","has-post-thumbnail","hentry","category-cidade"],"_links":{"self":[{"href":"https:\/\/tvc16.com\/portal\/wp-json\/wp\/v2\/posts\/101008","targetHints":{"allow":["GET"]}}],"collection":[{"href":"https:\/\/tvc16.com\/portal\/wp-json\/wp\/v2\/posts"}],"about":[{"href":"https:\/\/tvc16.com\/portal\/wp-json\/wp\/v2\/types\/post"}],"author":[{"embeddable":true,"href":"https:\/\/tvc16.com\/portal\/wp-json\/wp\/v2\/users\/2"}],"replies":[{"embeddable":true,"href":"https:\/\/tvc16.com\/portal\/wp-json\/wp\/v2\/comments?post=101008"}],"version-history":[{"count":1,"href":"https:\/\/tvc16.com\/portal\/wp-json\/wp\/v2\/posts\/101008\/revisions"}],"predecessor-version":[{"id":101010,"href":"https:\/\/tvc16.com\/portal\/wp-json\/wp\/v2\/posts\/101008\/revisions\/101010"}],"wp:featuredmedia":[{"embeddable":true,"href":"https:\/\/tvc16.com\/portal\/wp-json\/wp\/v2\/media\/101009"}],"wp:attachment":[{"href":"https:\/\/tvc16.com\/portal\/wp-json\/wp\/v2\/media?parent=101008"}],"wp:term":[{"taxonomy":"category","embeddable":true,"href":"https:\/\/tvc16.com\/portal\/wp-json\/wp\/v2\/categories?post=101008"},{"taxonomy":"post_tag","embeddable":true,"href":"https:\/\/tvc16.com\/portal\/wp-json\/wp\/v2\/tags?post=101008"}],"curies":[{"name":"wp","href":"https:\/\/api.w.org\/{rel}","templated":true}]}}