{"id":101011,"date":"2025-03-19T18:31:15","date_gmt":"2025-03-19T21:31:15","guid":{"rendered":"https:\/\/tvc16.com\/portal\/?p=101011"},"modified":"2025-03-19T18:31:28","modified_gmt":"2025-03-19T21:31:28","slug":"onibus-da-turp-transportes-se-envolve-em-dois-acidentes-em-dois-dias","status":"publish","type":"post","link":"https:\/\/tvc16.com\/portal\/2025\/03\/19\/onibus-da-turp-transportes-se-envolve-em-dois-acidentes-em-dois-dias\/","title":{"rendered":"\u00d4nibus da Turp Transportes se envolve em dois acidentes em dois dias"},"content":{"rendered":"\n<p><em>Colis\u00f5es foram com o coletivo n\u00famero 6410 da empresa<\/em><\/p>\n\n\n\n<p>Um \u00f4nibus da empresa Turp Transportes e um ve\u00edculo de carga, colidiram na Rua Paulo Barbosa, no centro de Petr\u00f3polis, no in\u00edcio da tarde desta quarta-feira (19). O acidente fez com que o tr\u00e2nsito na via ficasse momentaneamente interrompido.<\/p>\n\n\n\n<p>Tanto o \u00f4nibus quanto o carro ficaram com danos vis\u00edveis nas carrocerias. O carro com a tinta azul do \u00f4nibus, e o coletivo com uma parte quebrada na lateral.<\/p>\n\n\n\n<p>Apesar da via ser bastante larga e ter espa\u00e7o para comportar mais de um ve\u00edculo, lado a lado, um caminh\u00e3o com defeito estava estacionado, na \u00e1rea de carga e descarcarga, e impedia parte da passagem dos ve\u00edculos, no momento do acidente.<\/p>\n\n\n\n<p>O fato curioso e tamb\u00e9m preocupante, sobre este acidente, \u00e9 que o \u00f4nibus n\u00famero 6410, da Turp Transportes, que fazia a linha 600 Terminal Corr\u00eaas, \u00e9 o mesmo que se envolveu em um outro acidente, na ter\u00e7a-feira (18), na Avenida Bar\u00e3o Do Rio Branco. Na ocasi\u00e3o o \u00f4nibus colidiu com um ve\u00edculo de passeio, pr\u00f3ximo a entrada do bairro At\u00edlio Marotti.<\/p>\n\n\n\n<p>Questionado o Sindicato dos Transportes Rodovi\u00e1rios de Petr\u00f3polis n\u00e3o se pronunciou at\u00e9 o fechamento desta mat\u00e9ria.<\/p>\n\n\n\n<p>Foto e texto: Por Hugo Petersen<\/p>\n","protected":false},"excerpt":{"rendered":"<p>Colis\u00f5es foram com o coletivo n\u00famero 6410 da empresa Um \u00f4nibus da empresa Turp Transportes<\/p>\n","protected":false},"author":2,"featured_media":101012,"comment_status":"open","ping_status":"open","sticky":false,"template":"","format":"standard","meta":{"footnotes":""},"categories":[12],"tags":[],"class_list":["post-101011","post","type-post","status-publish","format-standard","has-post-thumbnail","hentry","category-cidade"],"_links":{"self":[{"href":"https:\/\/tvc16.com\/portal\/wp-json\/wp\/v2\/posts\/101011","targetHints":{"allow":["GET"]}}],"collection":[{"href":"https:\/\/tvc16.com\/portal\/wp-json\/wp\/v2\/posts"}],"about":[{"href":"https:\/\/tvc16.com\/portal\/wp-json\/wp\/v2\/types\/post"}],"author":[{"embeddable":true,"href":"https:\/\/tvc16.com\/portal\/wp-json\/wp\/v2\/users\/2"}],"replies":[{"embeddable":true,"href":"https:\/\/tvc16.com\/portal\/wp-json\/wp\/v2\/comments?post=101011"}],"version-history":[{"count":1,"href":"https:\/\/tvc16.com\/portal\/wp-json\/wp\/v2\/posts\/101011\/revisions"}],"predecessor-version":[{"id":101013,"href":"https:\/\/tvc16.com\/portal\/wp-json\/wp\/v2\/posts\/101011\/revisions\/101013"}],"wp:featuredmedia":[{"embeddable":true,"href":"https:\/\/tvc16.com\/portal\/wp-json\/wp\/v2\/media\/101012"}],"wp:attachment":[{"href":"https:\/\/tvc16.com\/portal\/wp-json\/wp\/v2\/media?parent=101011"}],"wp:term":[{"taxonomy":"category","embeddable":true,"href":"https:\/\/tvc16.com\/portal\/wp-json\/wp\/v2\/categories?post=101011"},{"taxonomy":"post_tag","embeddable":true,"href":"https:\/\/tvc16.com\/portal\/wp-json\/wp\/v2\/tags?post=101011"}],"curies":[{"name":"wp","href":"https:\/\/api.w.org\/{rel}","templated":true}]}}