{"id":101014,"date":"2025-03-22T05:00:00","date_gmt":"2025-03-22T08:00:00","guid":{"rendered":"https:\/\/tvc16.com\/portal\/?p=101014"},"modified":"2025-03-19T18:33:59","modified_gmt":"2025-03-19T21:33:59","slug":"atleta-petropolitano-de-mma-representa-a-cidade-em-competicao-nacional","status":"publish","type":"post","link":"https:\/\/tvc16.com\/portal\/2025\/03\/22\/atleta-petropolitano-de-mma-representa-a-cidade-em-competicao-nacional\/","title":{"rendered":"Atleta petropolitano de MMA representa a cidade em competi\u00e7\u00e3o nacional"},"content":{"rendered":"\n<p><em>O lutador de 24 anos \u00e9 graduado em v\u00e1rias ramifica\u00e7\u00f5es das artes marciais<\/em><\/p>\n\n\n\n<p>Matheus Duarte, de 24 anos, \u00e9 o lutador que representar\u00e1 Petr\u00f3polis na Arena Global MMA, competi\u00e7\u00e3o que acontecer\u00e1 hoje (22), na capital do estado do Rio de Janeiro. O jovem, que desde a inf\u00e2ncia j\u00e1 tem contato com as artes marciais, destaca que v\u00ea na luta uma grande oportunidade de crescimento pessoal. Para Matheus, a fam\u00edlia \u00e9 a maior motiva\u00e7\u00e3o para seguir com a carreira de lutador.<\/p>\n\n\n\n<p>\u201cO que me motivou a come\u00e7ar nas artes marciais foi o jud\u00f4. Eu comecei a lutar com 12 anos, em um projeto social do bairro onde morava e motivado pela minha m\u00e3e. Depois conheci o Karat\u00ea e fui gostando das outras artes marciais, at\u00e9 chegar no MMA\u201d, conta Matheus.<\/p>\n\n\n\n<p>O jovem tem uma rotina regrada, e treina cerca de tr\u00eas horas e meia por dia para garantir uma boa prepara\u00e7\u00e3o f\u00edsica. Todo o esfor\u00e7o \u00e9 acompanhado pelo treinador e professor de muay thay e MMA Vin\u00edcius Guimaraes, que atua no segmento h\u00e1 mais de 15 anos. Segundo ele, os treinos complementares tamb\u00e9m s\u00e3o fundamentais.<\/p>\n\n\n\n<p>\u201cO Matheus lutar\u00e1 na categoria galo, ou seja, de at\u00e9 61,7kg. A nossa prepara\u00e7\u00e3o est\u00e1 a todo vapor para trazermos a vit\u00f3ria para Petr\u00f3polis\u201d.<\/p>\n\n\n\n<p>Matheus ser\u00e1 o \u00fanico que representar\u00e1 Petr\u00f3polis na competi\u00e7\u00e3o, que conta com a participa\u00e7\u00e3o de cerca de 30 atletas todo o brasil. O lutador representar\u00e1 a equipe Pitbull Figth Team. A expectativa de toda a equipe \u00e9 que Matheus traga a vit\u00f3ria para Petr\u00f3polis e o t\u00e3o sonhado cintur\u00e3o.<\/p>\n\n\n\n<p>Por Por Anna Beatriz Thomaz\/ Foto: Gabriel Telles\/TVC<\/p>\n","protected":false},"excerpt":{"rendered":"<p>O lutador de 24 anos \u00e9 graduado em v\u00e1rias ramifica\u00e7\u00f5es das artes marciais Matheus Duarte,<\/p>\n","protected":false},"author":2,"featured_media":101015,"comment_status":"open","ping_status":"open","sticky":false,"template":"","format":"standard","meta":{"footnotes":""},"categories":[12],"tags":[],"class_list":["post-101014","post","type-post","status-publish","format-standard","has-post-thumbnail","hentry","category-cidade"],"_links":{"self":[{"href":"https:\/\/tvc16.com\/portal\/wp-json\/wp\/v2\/posts\/101014","targetHints":{"allow":["GET"]}}],"collection":[{"href":"https:\/\/tvc16.com\/portal\/wp-json\/wp\/v2\/posts"}],"about":[{"href":"https:\/\/tvc16.com\/portal\/wp-json\/wp\/v2\/types\/post"}],"author":[{"embeddable":true,"href":"https:\/\/tvc16.com\/portal\/wp-json\/wp\/v2\/users\/2"}],"replies":[{"embeddable":true,"href":"https:\/\/tvc16.com\/portal\/wp-json\/wp\/v2\/comments?post=101014"}],"version-history":[{"count":2,"href":"https:\/\/tvc16.com\/portal\/wp-json\/wp\/v2\/posts\/101014\/revisions"}],"predecessor-version":[{"id":101017,"href":"https:\/\/tvc16.com\/portal\/wp-json\/wp\/v2\/posts\/101014\/revisions\/101017"}],"wp:featuredmedia":[{"embeddable":true,"href":"https:\/\/tvc16.com\/portal\/wp-json\/wp\/v2\/media\/101015"}],"wp:attachment":[{"href":"https:\/\/tvc16.com\/portal\/wp-json\/wp\/v2\/media?parent=101014"}],"wp:term":[{"taxonomy":"category","embeddable":true,"href":"https:\/\/tvc16.com\/portal\/wp-json\/wp\/v2\/categories?post=101014"},{"taxonomy":"post_tag","embeddable":true,"href":"https:\/\/tvc16.com\/portal\/wp-json\/wp\/v2\/tags?post=101014"}],"curies":[{"name":"wp","href":"https:\/\/api.w.org\/{rel}","templated":true}]}}