{"id":10103,"date":"2021-02-03T22:25:42","date_gmt":"2021-02-04T01:25:42","guid":{"rendered":"https:\/\/tvc16.com\/portal\/?p=10103"},"modified":"2021-02-03T22:25:45","modified_gmt":"2021-02-04T01:25:45","slug":"nesta-quarta-feira-03-foram-vacinadas-406-pessoas-totalizando-5-083-vacinas-aplicadas-em-petropolis","status":"publish","type":"post","link":"https:\/\/tvc16.com\/portal\/2021\/02\/03\/nesta-quarta-feira-03-foram-vacinadas-406-pessoas-totalizando-5-083-vacinas-aplicadas-em-petropolis\/","title":{"rendered":"Nesta quarta-feira, (03), foram vacinadas 406 pessoas, totalizando 5.083 vacinas aplicadas em Petr\u00f3polis"},"content":{"rendered":"\n<p><\/p>\n\n\n\n<p>As equipes de enfermagem estiveram na Casa de Sa\u00fade Santa M\u00f4nica, SMH, na UBS Itamarati e nos PSF\u2019s S\u00e3o Jo\u00e3o Batista, Menino Jesus de Praga, Bairro Castrioto, Fazenda Inglesa, Estrada da Saudade, Boa Vista, Machado Fagundes e Nova Cascatinha.<br>A previs\u00e3o do departamento de Vigil\u00e2ncia em Sa\u00fade \u00e9 que a aplica\u00e7\u00e3o da primeira dose em profissionais de sa\u00fade das unidades b\u00e1sicas seja conclu\u00edda no in\u00edcio da semana, quando ser\u00e1 iniciada a aplica\u00e7\u00e3o da segunda dose da CoronaVac, recebida na manh\u00e3 desta quarta-feira. A segunda dose ser\u00e1 aplicada rigorosamente dentro do prazo previsto, que determina intervalo de at\u00e9 28 dias entre a aplica\u00e7\u00e3o de cada dose.<\/p>\n\n\n\n<figure class=\"wp-block-image size-large\"><img loading=\"lazy\" decoding=\"async\" width=\"1024\" height=\"682\" src=\"https:\/\/tvc16.com\/portal\/wp-content\/uploads\/2021\/02\/IMG-20210203-WA0071-1024x682.jpg\" alt=\"\" class=\"wp-image-10104\" srcset=\"https:\/\/tvc16.com\/portal\/wp-content\/uploads\/2021\/02\/IMG-20210203-WA0071-1024x682.jpg 1024w, https:\/\/tvc16.com\/portal\/wp-content\/uploads\/2021\/02\/IMG-20210203-WA0071-300x200.jpg 300w, https:\/\/tvc16.com\/portal\/wp-content\/uploads\/2021\/02\/IMG-20210203-WA0071-768x512.jpg 768w, https:\/\/tvc16.com\/portal\/wp-content\/uploads\/2021\/02\/IMG-20210203-WA0071-900x600.jpg 900w, https:\/\/tvc16.com\/portal\/wp-content\/uploads\/2021\/02\/IMG-20210203-WA0071.jpg 1280w\" sizes=\"auto, (max-width: 1024px) 100vw, 1024px\" \/><\/figure>\n\n\n\n<p><br>At\u00e9 o momento, Petr\u00f3polis recebeu doses suficientes para vacinar 9 mil pessoas (com vacinas da CoronaVac e da AstraZeneca), o que representa um ter\u00e7o do p\u00fablico estimado para a primeira fase da vacina\u00e7\u00e3o no Plano Municipal.<br>Na primeira etapa, foram vacinados profissionais da sa\u00fade que atuam na linha de frente no combate \u00e0 Covid-19, idosos acima de 60 anos residentes em institui\u00e7\u00f5es de longa perman\u00eancia e deficientes maiores de 18 anos que vivem em resid\u00eancias inclusivas. Este p\u00fablico agora receber\u00e1 a segunda dose da vacina. O trabalho tamb\u00e9m j\u00e1 avan\u00e7ou para a segunda etapa, atendendo os demais profissionais de sa\u00fade que atuam em hospitais e equipes das Unidades B\u00e1sicas de Sa\u00fade e Postos de Sa\u00fade da Fam\u00edlia.<\/p>\n","protected":false},"excerpt":{"rendered":"<p>As equipes de enfermagem estiveram na Casa de Sa\u00fade Santa M\u00f4nica, SMH, na UBS Itamarati<\/p>\n","protected":false},"author":2,"featured_media":10105,"comment_status":"open","ping_status":"open","sticky":false,"template":"","format":"standard","meta":{"footnotes":""},"categories":[12],"tags":[],"class_list":["post-10103","post","type-post","status-publish","format-standard","has-post-thumbnail","hentry","category-cidade"],"_links":{"self":[{"href":"https:\/\/tvc16.com\/portal\/wp-json\/wp\/v2\/posts\/10103","targetHints":{"allow":["GET"]}}],"collection":[{"href":"https:\/\/tvc16.com\/portal\/wp-json\/wp\/v2\/posts"}],"about":[{"href":"https:\/\/tvc16.com\/portal\/wp-json\/wp\/v2\/types\/post"}],"author":[{"embeddable":true,"href":"https:\/\/tvc16.com\/portal\/wp-json\/wp\/v2\/users\/2"}],"replies":[{"embeddable":true,"href":"https:\/\/tvc16.com\/portal\/wp-json\/wp\/v2\/comments?post=10103"}],"version-history":[{"count":1,"href":"https:\/\/tvc16.com\/portal\/wp-json\/wp\/v2\/posts\/10103\/revisions"}],"predecessor-version":[{"id":10106,"href":"https:\/\/tvc16.com\/portal\/wp-json\/wp\/v2\/posts\/10103\/revisions\/10106"}],"wp:featuredmedia":[{"embeddable":true,"href":"https:\/\/tvc16.com\/portal\/wp-json\/wp\/v2\/media\/10105"}],"wp:attachment":[{"href":"https:\/\/tvc16.com\/portal\/wp-json\/wp\/v2\/media?parent=10103"}],"wp:term":[{"taxonomy":"category","embeddable":true,"href":"https:\/\/tvc16.com\/portal\/wp-json\/wp\/v2\/categories?post=10103"},{"taxonomy":"post_tag","embeddable":true,"href":"https:\/\/tvc16.com\/portal\/wp-json\/wp\/v2\/tags?post=10103"}],"curies":[{"name":"wp","href":"https:\/\/api.w.org\/{rel}","templated":true}]}}