{"id":101033,"date":"2025-03-20T08:40:21","date_gmt":"2025-03-20T11:40:21","guid":{"rendered":"https:\/\/tvc16.com\/portal\/?p=101033"},"modified":"2025-03-20T08:40:28","modified_gmt":"2025-03-20T11:40:28","slug":"cidade-do-rio-entra-em-estagio-2-de-atencao-por-causa-de-chuva","status":"publish","type":"post","link":"https:\/\/tvc16.com\/portal\/2025\/03\/20\/cidade-do-rio-entra-em-estagio-2-de-atencao-por-causa-de-chuva\/","title":{"rendered":"Cidade do Rio entra em est\u00e1gio 2 de aten\u00e7\u00e3o por causa de chuva"},"content":{"rendered":"\n<p><em>H\u00e1 risco de impactos no munic\u00edpio<\/em><\/p>\n\n\n\n<p>Por Douglas Corr\u00eaa &#8211; Rep\u00f3rter da Ag\u00eancia Brasil <\/p>\n\n\n\n<p><\/p>\n\n\n\n<p>O&nbsp;<strong>Centro de Opera\u00e7\u00f5es e Resili\u00eancia da Prefeitura do Rio (COR-Rio) informou que o munic\u00edpio do Rio de Janeiro entrou no est\u00e1gio 2 de aten\u00e7\u00e3o<\/strong>&nbsp;nesta&nbsp;quarta-feira (19)&nbsp;<strong>devido ao registro de chuva moderada a forte na cidade na \u00faltima uma hora<\/strong>.&nbsp;<strong>Foram mais de 25 mil\u00edmetros de chuva por 30 minutos<\/strong>&nbsp;em, pelo menos, uma esta\u00e7\u00e3o meteorol\u00f3gica.<img decoding=\"async\" src=\"https:\/\/agenciabrasil.ebc.com.br\/ebc.png?id=1635273&amp;o=node\"><img decoding=\"async\" src=\"https:\/\/agenciabrasil.ebc.com.br\/ebc.gif?id=1635273&amp;o=node\"><\/p>\n\n\n\n<p>O&nbsp;<strong>Est\u00e1gio 2 \u00e9 o segundo n\u00edvel em uma escala at\u00e9&nbsp;cinco e significa que h\u00e1 riscos de ocorr\u00eancias de alto impacto<\/strong>&nbsp;na cidade. H\u00e1 possibilidade de nova mudan\u00e7a de est\u00e1gio por causa da&nbsp;chuva e&nbsp;outros fatores.<\/p>\n\n\n\n<p>De acordo com o Sistema Alerta Rio, n\u00facleos de chuva est\u00e3o concentrados na zona norte,&nbsp;em&nbsp;Jacarepagu\u00e1 e&nbsp;na regi\u00e3o central da cidade.<\/p>\n\n\n\n<p>A&nbsp;<strong>previs\u00e3o \u00e9 de c\u00e9u encoberto com pancadas de chuva moderada a forte e possibilidade de raios nas pr\u00f3ximas horas.<\/strong><\/p>\n\n\n\n<h2 class=\"wp-block-heading\">Acumulados de chuva<\/h2>\n\n\n\n<p>At\u00e9 o momento, o Centro de Opera\u00e7\u00f5es e Resili\u00eancia (COR-Rio)&nbsp;<strong>n\u00e3o registrou queda de \u00e1rvores<\/strong>. A Defesa Civil Municipal<strong>&nbsp;n\u00e3o acionou nenhuma das&nbsp;164 sirenes<\/strong>&nbsp;instaladas em&nbsp;103 comunidades.&nbsp;<\/p>\n\n\n\n<p>O prefeito Eduardo Paes&nbsp;alertou, nas redes sociais, pela manh\u00e3,&nbsp;os cariocas sobre o risco de chuva moderada a forte nesta quarta-feira e orientou que procurem abrigo em caso de temporal.&nbsp;<\/p>\n\n\n\n<h2 class=\"wp-block-heading\">Previs\u00e3o<\/h2>\n\n\n\n<p>Para esta quinta-feira (20),&nbsp;<strong>h\u00e1 previs\u00e3o de chuva moderada a partir da madrugada, com ventos fracos a moderados<\/strong>. As temperaturas previstas est\u00e3o entre 22\u00baC, m\u00ednima,&nbsp;e 27\u00b0C, m\u00e1xima.<\/p>\n","protected":false},"excerpt":{"rendered":"<p>H\u00e1 risco de impactos no munic\u00edpio Por Douglas Corr\u00eaa &#8211; Rep\u00f3rter da Ag\u00eancia Brasil O&nbsp;Centro<\/p>\n","protected":false},"author":2,"featured_media":93717,"comment_status":"open","ping_status":"open","sticky":false,"template":"","format":"standard","meta":{"footnotes":""},"categories":[17],"tags":[],"class_list":["post-101033","post","type-post","status-publish","format-standard","has-post-thumbnail","hentry","category-outras-noticias"],"_links":{"self":[{"href":"https:\/\/tvc16.com\/portal\/wp-json\/wp\/v2\/posts\/101033","targetHints":{"allow":["GET"]}}],"collection":[{"href":"https:\/\/tvc16.com\/portal\/wp-json\/wp\/v2\/posts"}],"about":[{"href":"https:\/\/tvc16.com\/portal\/wp-json\/wp\/v2\/types\/post"}],"author":[{"embeddable":true,"href":"https:\/\/tvc16.com\/portal\/wp-json\/wp\/v2\/users\/2"}],"replies":[{"embeddable":true,"href":"https:\/\/tvc16.com\/portal\/wp-json\/wp\/v2\/comments?post=101033"}],"version-history":[{"count":1,"href":"https:\/\/tvc16.com\/portal\/wp-json\/wp\/v2\/posts\/101033\/revisions"}],"predecessor-version":[{"id":101034,"href":"https:\/\/tvc16.com\/portal\/wp-json\/wp\/v2\/posts\/101033\/revisions\/101034"}],"wp:featuredmedia":[{"embeddable":true,"href":"https:\/\/tvc16.com\/portal\/wp-json\/wp\/v2\/media\/93717"}],"wp:attachment":[{"href":"https:\/\/tvc16.com\/portal\/wp-json\/wp\/v2\/media?parent=101033"}],"wp:term":[{"taxonomy":"category","embeddable":true,"href":"https:\/\/tvc16.com\/portal\/wp-json\/wp\/v2\/categories?post=101033"},{"taxonomy":"post_tag","embeddable":true,"href":"https:\/\/tvc16.com\/portal\/wp-json\/wp\/v2\/tags?post=101033"}],"curies":[{"name":"wp","href":"https:\/\/api.w.org\/{rel}","templated":true}]}}