{"id":101035,"date":"2025-03-20T08:41:39","date_gmt":"2025-03-20T11:41:39","guid":{"rendered":"https:\/\/tvc16.com\/portal\/?p=101035"},"modified":"2025-03-20T08:41:51","modified_gmt":"2025-03-20T11:41:51","slug":"receita-recebe-mais-de-17-milhao-de-declaracoes-do-irpf","status":"publish","type":"post","link":"https:\/\/tvc16.com\/portal\/2025\/03\/20\/receita-recebe-mais-de-17-milhao-de-declaracoes-do-irpf\/","title":{"rendered":"Receita recebe mais de 1,7 milh\u00e3o de declara\u00e7\u00f5es do IRPF"},"content":{"rendered":"\n<p><em>Prazo para entrega termina \u00e0s 23h59min59s de 30 de maio<\/em><\/p>\n\n\n\n<p>Por Ag\u00eancia Brasil \/ Foto: Marcello Casal JrAg\u00eancia Brasil<\/p>\n\n\n\n<p><\/p>\n\n\n\n<p>A Receita Federal recebeu 1.795.258 declara\u00e7\u00f5es do Imposto de Renda da Pessoa F\u00edsica (IRPF) de 2025 at\u00e9 as 17h desta quarta-feira (19). O n\u00famero equivale a 3,9% dos 46,2 milh\u00f5es de documentos esperados para este ano.<img decoding=\"async\" src=\"https:\/\/agenciabrasil.ebc.com.br\/ebc.png?id=1635232&amp;o=node\"><img decoding=\"async\" src=\"https:\/\/agenciabrasil.ebc.com.br\/ebc.gif?id=1635232&amp;o=node\"><\/p>\n\n\n\n<p>O prazo para entregar a declara\u00e7\u00e3o&nbsp;<a href=\"https:\/\/agenciabrasil.ebc.com.br\/economia\/noticia\/2025-03\/receita-comeca-receber-nesta-segunda-declaracoes-do-imposto-de-renda\">iniciou na segunda-feira (17)<\/a>&nbsp;e termina \u00e0s 23h59 do dia de 30 de maio. O&nbsp;<a href=\"https:\/\/www.gov.br\/receitafederal\/pt-br\">programa gerador da declara\u00e7\u00e3o<\/a>&nbsp;est\u00e1 dispon\u00edvel desde quinta-feira (13).<\/p>\n\n\n\n<p>A Receita Federal espera receber 46,2 milh\u00f5es de declara\u00e7\u00f5es do Imposto de Renda da Pessoa F\u00edsica este ano, o que representar\u00e1 um acr\u00e9scimo de quase 7%, na compara\u00e7\u00e3o com 2024, quando foram entregues 43,2 milh\u00f5es de declara\u00e7\u00f5es.<\/p>\n\n\n\n<p>As pessoas f\u00edsicas que receberam rendimentos tribut\u00e1veis acima de R$ 33.888, assim como aquelas que obtiveram receita bruta da atividade rural acima de R$ 169.440, s\u00e3o obrigadas a declarar. As pessoas que receberam at\u00e9 dois sal\u00e1rios m\u00ednimos mensais durante 2024 est\u00e3o dispensadas de fazer a declara\u00e7\u00e3o, salvo se se enquadrarem em outro crit\u00e9rio de obrigatoriedade.<\/p>\n\n\n\n<figure class=\"wp-block-image\"><img decoding=\"async\" src=\"https:\/\/imagens.ebc.com.br\/8QE023di59O_PvkBgKa1skR8vTA=\/754x0\/smart\/https:\/\/agenciabrasil.ebc.com.br\/sites\/default\/files\/thumbnails\/image\/2025\/03\/14\/irpf-2025_3.png?itok=zOsKAFFg\" alt=\"arte irpf 2025\" title=\"Arte\/Ag\u00eancia Brasil\"\/><\/figure>\n\n\n\n<p>arte irpf 2025 &#8211;&nbsp;<strong>Arte\/Ag\u00eancia Brasil<\/strong><br><\/p>\n","protected":false},"excerpt":{"rendered":"<p>Prazo para entrega termina \u00e0s 23h59min59s de 30 de maio Por Ag\u00eancia Brasil \/ Foto:<\/p>\n","protected":false},"author":2,"featured_media":101036,"comment_status":"open","ping_status":"open","sticky":false,"template":"","format":"standard","meta":{"footnotes":""},"categories":[17],"tags":[],"class_list":["post-101035","post","type-post","status-publish","format-standard","has-post-thumbnail","hentry","category-outras-noticias"],"_links":{"self":[{"href":"https:\/\/tvc16.com\/portal\/wp-json\/wp\/v2\/posts\/101035","targetHints":{"allow":["GET"]}}],"collection":[{"href":"https:\/\/tvc16.com\/portal\/wp-json\/wp\/v2\/posts"}],"about":[{"href":"https:\/\/tvc16.com\/portal\/wp-json\/wp\/v2\/types\/post"}],"author":[{"embeddable":true,"href":"https:\/\/tvc16.com\/portal\/wp-json\/wp\/v2\/users\/2"}],"replies":[{"embeddable":true,"href":"https:\/\/tvc16.com\/portal\/wp-json\/wp\/v2\/comments?post=101035"}],"version-history":[{"count":1,"href":"https:\/\/tvc16.com\/portal\/wp-json\/wp\/v2\/posts\/101035\/revisions"}],"predecessor-version":[{"id":101037,"href":"https:\/\/tvc16.com\/portal\/wp-json\/wp\/v2\/posts\/101035\/revisions\/101037"}],"wp:featuredmedia":[{"embeddable":true,"href":"https:\/\/tvc16.com\/portal\/wp-json\/wp\/v2\/media\/101036"}],"wp:attachment":[{"href":"https:\/\/tvc16.com\/portal\/wp-json\/wp\/v2\/media?parent=101035"}],"wp:term":[{"taxonomy":"category","embeddable":true,"href":"https:\/\/tvc16.com\/portal\/wp-json\/wp\/v2\/categories?post=101035"},{"taxonomy":"post_tag","embeddable":true,"href":"https:\/\/tvc16.com\/portal\/wp-json\/wp\/v2\/tags?post=101035"}],"curies":[{"name":"wp","href":"https:\/\/api.w.org\/{rel}","templated":true}]}}