{"id":101041,"date":"2025-03-20T08:47:08","date_gmt":"2025-03-20T11:47:08","guid":{"rendered":"https:\/\/tvc16.com\/portal\/?p=101041"},"modified":"2025-03-20T08:47:15","modified_gmt":"2025-03-20T11:47:15","slug":"cbf-muda-datas-de-tres-jogos-da-rodada-de-abertura-do-brasileirao","status":"publish","type":"post","link":"https:\/\/tvc16.com\/portal\/2025\/03\/20\/cbf-muda-datas-de-tres-jogos-da-rodada-de-abertura-do-brasileirao\/","title":{"rendered":"CBF muda datas de tr\u00eas jogos da rodada de abertura do Brasileir\u00e3o"},"content":{"rendered":"\n<p><em>Duelo Palmeiras x Botafogo foi adiado de s\u00e1bado (29) para domingo (30)<\/em><\/p>\n\n\n\n<p>Por Ag\u00eancia Brasil \/ Foto: Rafael Ribeiro<\/p>\n\n\n\n<p><\/p>\n\n\n\n<p>A&nbsp;<a href=\"https:\/\/cbf.com.br\/futebol-brasileiro\/tabelas\/campeonato-brasileiro\/serie-a\/2025\"><strong>CBF alterou datas e hor\u00e1rios de tr\u00eas partidas<\/strong><\/a>&nbsp;da rodada de abertura do Campeonato Brasileiro, programado para come\u00e7ar no \u00faltimo fim de semana de mar\u00e7o. O atual campe\u00e3o Botafogo, que inicialmente enfrentaria o Palmeiras em S\u00e3o Paulo no s\u00e1bado (29), teve o jogo de estreia adiado para \u00e0s 16h (hor\u00e1rio de Bras\u00edlia) no domingo (30), no Allianz Parque.<img decoding=\"async\" src=\"https:\/\/agenciabrasil.ebc.com.br\/ebc.png?id=1635201&amp;o=node\"><img decoding=\"async\" src=\"https:\/\/agenciabrasil.ebc.com.br\/ebc.gif?id=1635201&amp;o=node\"><\/p>\n\n\n\n<p>Tamb\u00e9m originalmente marcado para s\u00e1bado (29), o confronto Bahia x Corinthians passou para&nbsp;\u00e0s 20h de domingo (30), na Arena Fonte Nova.<\/p>\n\n\n\n<p>J\u00e1 o duelo S\u00e3o Paulo x Sport foi antecipado: seria no&nbsp;domingo (30), mas mudou para \u00e0s 18h30 de&nbsp;s\u00e1bado (29), no Morumbis, na capital paulista.<\/p>\n\n\n\n<p>No \u00faltimo dia 8, a CBF divulgou a tabela detalhada da primeira rodada do Brasileir\u00e3o&nbsp;e, na ocasi\u00e3o, alertou para poss\u00edveis ajustes&nbsp;no cronograma, para evitar conflito de datas e hor\u00e1rios com os jogos da fase de grupos das&nbsp;Copas Libertadores e Sul-Americana.&nbsp;Os sorteios da duas competi\u00e7\u00f5es da&nbsp;Conmebol ocorreram na \u00faltima segunda (17). &nbsp;Botafogo, S\u00e3o Paulo e Bahia disputam a Libertadores, e o Corinthians a Sul-Americana. &nbsp;<\/p>\n\n\n\n<h2 class=\"wp-block-heading\">Novas data e hor\u00e1rios<\/h2>\n\n\n\n<p>S\u00e3o Paulo x Sport &#8211; s\u00e1bado (29)&nbsp;\u00e0s 18h30<\/p>\n\n\n\n<p>Palmeiras x Botafogo &#8211; domingo (30) \u00e0s 16h<\/p>\n\n\n\n<p>Bahia x Corinthians &#8211; domingo (30)&nbsp;\u00e0s 20h<br><\/p>\n","protected":false},"excerpt":{"rendered":"<p>Duelo Palmeiras x Botafogo foi adiado de s\u00e1bado (29) para domingo (30) Por Ag\u00eancia Brasil<\/p>\n","protected":false},"author":2,"featured_media":101042,"comment_status":"open","ping_status":"open","sticky":false,"template":"","format":"standard","meta":{"footnotes":""},"categories":[17],"tags":[],"class_list":["post-101041","post","type-post","status-publish","format-standard","has-post-thumbnail","hentry","category-outras-noticias"],"_links":{"self":[{"href":"https:\/\/tvc16.com\/portal\/wp-json\/wp\/v2\/posts\/101041","targetHints":{"allow":["GET"]}}],"collection":[{"href":"https:\/\/tvc16.com\/portal\/wp-json\/wp\/v2\/posts"}],"about":[{"href":"https:\/\/tvc16.com\/portal\/wp-json\/wp\/v2\/types\/post"}],"author":[{"embeddable":true,"href":"https:\/\/tvc16.com\/portal\/wp-json\/wp\/v2\/users\/2"}],"replies":[{"embeddable":true,"href":"https:\/\/tvc16.com\/portal\/wp-json\/wp\/v2\/comments?post=101041"}],"version-history":[{"count":1,"href":"https:\/\/tvc16.com\/portal\/wp-json\/wp\/v2\/posts\/101041\/revisions"}],"predecessor-version":[{"id":101043,"href":"https:\/\/tvc16.com\/portal\/wp-json\/wp\/v2\/posts\/101041\/revisions\/101043"}],"wp:featuredmedia":[{"embeddable":true,"href":"https:\/\/tvc16.com\/portal\/wp-json\/wp\/v2\/media\/101042"}],"wp:attachment":[{"href":"https:\/\/tvc16.com\/portal\/wp-json\/wp\/v2\/media?parent=101041"}],"wp:term":[{"taxonomy":"category","embeddable":true,"href":"https:\/\/tvc16.com\/portal\/wp-json\/wp\/v2\/categories?post=101041"},{"taxonomy":"post_tag","embeddable":true,"href":"https:\/\/tvc16.com\/portal\/wp-json\/wp\/v2\/tags?post=101041"}],"curies":[{"name":"wp","href":"https:\/\/api.w.org\/{rel}","templated":true}]}}