{"id":101047,"date":"2025-03-20T08:51:36","date_gmt":"2025-03-20T11:51:36","guid":{"rendered":"https:\/\/tvc16.com\/portal\/?p=101047"},"modified":"2025-03-20T08:51:43","modified_gmt":"2025-03-20T11:51:43","slug":"acao-da-pf-mira-trafico-internacional-de-fuzis-de-miami-para-o-rio","status":"publish","type":"post","link":"https:\/\/tvc16.com\/portal\/2025\/03\/20\/acao-da-pf-mira-trafico-internacional-de-fuzis-de-miami-para-o-rio\/","title":{"rendered":"A\u00e7\u00e3o da PF mira tr\u00e1fico internacional de fuzis de Miami para o Rio"},"content":{"rendered":"\n<p><em>Investiga\u00e7\u00f5es identificaram suspeito de chefiar organiza\u00e7\u00e3o criminosa<\/em><\/p>\n\n\n\n<p>Por Vitor Abdala \u2013 Rep\u00f3rter da Ag\u00eancia Brasil \/ Foto: Imagem de divulga\u00e7\u00e3o\/Pol\u00edcia Federal<\/p>\n\n\n\n<p><\/p>\n\n\n\n<p>A Pol\u00edcia Federal (PF) cumpre, nesta quinta-feira (20), 14 mandados de busca e apreens\u00e3o contra suspeitos de tr\u00e1fico internacional de armas, no Rio de Janeiro.&nbsp;<strong>A a\u00e7\u00e3o conta com 80 agentes da PF e dez policiais civis<\/strong>.<img decoding=\"async\" src=\"https:\/\/agenciabrasil.ebc.com.br\/ebc.png?id=1635275&amp;o=node\"><img decoding=\"async\" src=\"https:\/\/agenciabrasil.ebc.com.br\/ebc.gif?id=1635275&amp;o=node\"><\/p>\n\n\n\n<p>A Opera\u00e7\u00e3o Cash Courier \u00e9 um desdobramento da&nbsp;<a href=\"https:\/\/agenciabrasil.ebc.com.br\/geral\/noticia\/2017-06\/policia-diz-que-brasileiro-lidera-de-miami-grupo-responsavel-por-fuzis-no\" target=\"_blank\" rel=\"noreferrer noopener\">Opera\u00e7\u00e3o Senhor das Armas, desencadeada em 2017<\/a>, que apreendeu 60 fuzis no Aeroporto Internacional do Rio (Tom Jobim\/Gale\u00e3o).&nbsp;<\/p>\n\n\n\n<p><strong>Investiga\u00e7\u00f5es da PF identificaram o suspeito de chefiar a organiza\u00e7\u00e3o criminosa, que teria sido respons\u00e1vel por trazer 2 mil fuzis de Miami, nos Estados Unidos, para o Rio de Janeiro.<\/strong><\/p>\n\n\n\n<p>As armas eram contrabandeadas para o Brasil e, depois, distribu\u00eddas a uma fac\u00e7\u00e3o criminosa fluminense, que controla diversas comunidades no estado.<\/p>\n\n\n\n<p><strong>O homem apontado como l\u00edder do esquema criminoso usava outras pessoas e empresas para adquirir im\u00f3veis e outros bens, com o objetivo de lavar o dinheiro obtido com o tr\u00e1fico internacional de armas.<\/strong><\/p>\n\n\n\n<p>Al\u00e9m dos mandados de busca e apreens\u00e3o, que est\u00e3o sendo cumpridos em endere\u00e7os residenciais e comerciais nos bairros da Barra da Tijuca e do Recreio dos Bandeirantes, na zona oeste da capital fluminense, a&nbsp;<strong>Justi\u00e7a determinou o sequestro e bloqueio de bens e ativos no valor total de R$ 50 milh\u00f5es<\/strong>.<\/p>\n\n\n\n<p><strong>Os investigados responder\u00e3o pelos crimes de tr\u00e1fico internacional de armas, organiza\u00e7\u00e3o criminosa, lavagem de capital, evas\u00e3o de divisas, corrup\u00e7\u00e3o ativa e corrup\u00e7\u00e3o passiva.<\/strong><\/p>\n\n\n\n<p>A opera\u00e7\u00e3o conta com apoio do Minist\u00e9rio P\u00fablico Federal (MPF), da Pol\u00edcia Civil e da Secretaria Nacional de Seguran\u00e7a P\u00fablica (Senasp).<br><\/p>\n","protected":false},"excerpt":{"rendered":"<p>Investiga\u00e7\u00f5es identificaram suspeito de chefiar organiza\u00e7\u00e3o criminosa Por Vitor Abdala \u2013 Rep\u00f3rter da Ag\u00eancia Brasil<\/p>\n","protected":false},"author":2,"featured_media":101048,"comment_status":"open","ping_status":"open","sticky":false,"template":"","format":"standard","meta":{"footnotes":""},"categories":[17],"tags":[],"class_list":["post-101047","post","type-post","status-publish","format-standard","has-post-thumbnail","hentry","category-outras-noticias"],"_links":{"self":[{"href":"https:\/\/tvc16.com\/portal\/wp-json\/wp\/v2\/posts\/101047","targetHints":{"allow":["GET"]}}],"collection":[{"href":"https:\/\/tvc16.com\/portal\/wp-json\/wp\/v2\/posts"}],"about":[{"href":"https:\/\/tvc16.com\/portal\/wp-json\/wp\/v2\/types\/post"}],"author":[{"embeddable":true,"href":"https:\/\/tvc16.com\/portal\/wp-json\/wp\/v2\/users\/2"}],"replies":[{"embeddable":true,"href":"https:\/\/tvc16.com\/portal\/wp-json\/wp\/v2\/comments?post=101047"}],"version-history":[{"count":1,"href":"https:\/\/tvc16.com\/portal\/wp-json\/wp\/v2\/posts\/101047\/revisions"}],"predecessor-version":[{"id":101049,"href":"https:\/\/tvc16.com\/portal\/wp-json\/wp\/v2\/posts\/101047\/revisions\/101049"}],"wp:featuredmedia":[{"embeddable":true,"href":"https:\/\/tvc16.com\/portal\/wp-json\/wp\/v2\/media\/101048"}],"wp:attachment":[{"href":"https:\/\/tvc16.com\/portal\/wp-json\/wp\/v2\/media?parent=101047"}],"wp:term":[{"taxonomy":"category","embeddable":true,"href":"https:\/\/tvc16.com\/portal\/wp-json\/wp\/v2\/categories?post=101047"},{"taxonomy":"post_tag","embeddable":true,"href":"https:\/\/tvc16.com\/portal\/wp-json\/wp\/v2\/tags?post=101047"}],"curies":[{"name":"wp","href":"https:\/\/api.w.org\/{rel}","templated":true}]}}