{"id":101054,"date":"2025-03-20T09:25:01","date_gmt":"2025-03-20T12:25:01","guid":{"rendered":"https:\/\/tvc16.com\/portal\/?p=101054"},"modified":"2025-03-20T09:25:12","modified_gmt":"2025-03-20T12:25:12","slug":"homem-acusado-de-estupro-de-vulneravel-e-preso-em-paraiba-do-sul","status":"publish","type":"post","link":"https:\/\/tvc16.com\/portal\/2025\/03\/20\/homem-acusado-de-estupro-de-vulneravel-e-preso-em-paraiba-do-sul\/","title":{"rendered":"Homem acusado de estupro de vulner\u00e1vel \u00e9 preso em Para\u00edba do Sul"},"content":{"rendered":"\n<p>Na tarde desta quarta-feira (19), um homem foi preso em Para\u00edba do Sul, acusado de estupro de vulner\u00e1vel. Na ocasi\u00e3o, Policiais Civis da 108\u00aa Delegacia de Pol\u00edcia, cumpriram um mandado de pris\u00e3o contra o acusado. A pris\u00e3o aconteceu na Avenida Doutor Randolfo Pena.<\/p>\n\n\n\n<p>De acordo com as investiga\u00e7\u00f5es, em abril de 2018, uma mulher foi at\u00e9 \u00e0 delegacia relatar que sua filha, na \u00e9poca com apenas 13 anos de idade, havia sido abusada pelo genro do pastor da igreja que frequentavam. Ainda de acordo com o relato, o acusado, com 32 anos na \u00e9poca dos fatos, tamb\u00e9m teria obrigado a v\u00edtima a enviar fotos nuas.<\/p>\n\n\n\n<p>A v\u00edtima confirmou os fatos na delegacia, afirmando que, no in\u00edcio, o homem lhe dava aten\u00e7\u00e3o especial nas atividades religiosas, por\u00e9m, ap\u00f3s conquistar sua confian\u00e7a, passou a demonstrar interesse sexual na adolescente. Intimado a prestar declara\u00e7\u00f5es, o acusado compareceu \u00e0 108\u00aa Delegacia de Pol\u00edcia, por\u00e9m manifestou o desejo de falar somente em Ju\u00edzo. Ele permaneceu em liberdade durante o processo criminal.<\/p>\n\n\n\n<p>Ap\u00f3s a expedi\u00e7\u00e3o do mandado de pris\u00e3o preventiva, ele foi preso e condenado a 8 anos de pris\u00e3o.<\/p>\n","protected":false},"excerpt":{"rendered":"<p>Na tarde desta quarta-feira (19), um homem foi preso em Para\u00edba do Sul, acusado de<\/p>\n","protected":false},"author":2,"featured_media":101055,"comment_status":"open","ping_status":"open","sticky":false,"template":"","format":"standard","meta":{"footnotes":""},"categories":[17],"tags":[],"class_list":["post-101054","post","type-post","status-publish","format-standard","has-post-thumbnail","hentry","category-outras-noticias"],"_links":{"self":[{"href":"https:\/\/tvc16.com\/portal\/wp-json\/wp\/v2\/posts\/101054","targetHints":{"allow":["GET"]}}],"collection":[{"href":"https:\/\/tvc16.com\/portal\/wp-json\/wp\/v2\/posts"}],"about":[{"href":"https:\/\/tvc16.com\/portal\/wp-json\/wp\/v2\/types\/post"}],"author":[{"embeddable":true,"href":"https:\/\/tvc16.com\/portal\/wp-json\/wp\/v2\/users\/2"}],"replies":[{"embeddable":true,"href":"https:\/\/tvc16.com\/portal\/wp-json\/wp\/v2\/comments?post=101054"}],"version-history":[{"count":1,"href":"https:\/\/tvc16.com\/portal\/wp-json\/wp\/v2\/posts\/101054\/revisions"}],"predecessor-version":[{"id":101056,"href":"https:\/\/tvc16.com\/portal\/wp-json\/wp\/v2\/posts\/101054\/revisions\/101056"}],"wp:featuredmedia":[{"embeddable":true,"href":"https:\/\/tvc16.com\/portal\/wp-json\/wp\/v2\/media\/101055"}],"wp:attachment":[{"href":"https:\/\/tvc16.com\/portal\/wp-json\/wp\/v2\/media?parent=101054"}],"wp:term":[{"taxonomy":"category","embeddable":true,"href":"https:\/\/tvc16.com\/portal\/wp-json\/wp\/v2\/categories?post=101054"},{"taxonomy":"post_tag","embeddable":true,"href":"https:\/\/tvc16.com\/portal\/wp-json\/wp\/v2\/tags?post=101054"}],"curies":[{"name":"wp","href":"https:\/\/api.w.org\/{rel}","templated":true}]}}