{"id":101063,"date":"2025-03-20T10:13:50","date_gmt":"2025-03-20T13:13:50","guid":{"rendered":"https:\/\/tvc16.com\/portal\/?p=101063"},"modified":"2025-03-20T10:13:52","modified_gmt":"2025-03-20T13:13:52","slug":"inscricoes-abertas-para-o-concurso-de-fotografia-da-abertura-da-temporada-de-montanhismo-de-petropolis","status":"publish","type":"post","link":"https:\/\/tvc16.com\/portal\/2025\/03\/20\/inscricoes-abertas-para-o-concurso-de-fotografia-da-abertura-da-temporada-de-montanhismo-de-petropolis\/","title":{"rendered":"Inscri\u00e7\u00f5es abertas para o concurso de fotografia da Abertura da Temporada de Montanhismo de Petr\u00f3polis"},"content":{"rendered":"\n<p><em>O evento tem apoio da Prefeitura e as inscri\u00e7\u00f5es encerram dia 25 de mar\u00e7o<\/em><\/p>\n\n\n\n<p>O concurso fotogr\u00e1fico da Abertura da Temporada de Montanhismo &#8211; ATM 2025 Petr\u00f3polis, est\u00e1 com inscri\u00e7\u00f5es abertas para fot\u00f3grafos amadores e profissionais, que devem enviar a foto, atrav\u00e9s de um formul\u00e1rio online, at\u00e9 o dia 25 de mar\u00e7o. O tema desta edi\u00e7\u00e3o \u00e9 \u201cAs Montanhas Petropolitanas e suas Unidades de Conserva\u00e7\u00e3o\u201d. A ATM 2025 Petr\u00f3polis tem apoio da prefeitura de Petr\u00f3polis, atrav\u00e9s do Instituto Municipal de Cultura &#8211; IMC e da secretaria de Esportes.<\/p>\n\n\n\n<p>\u201cO montanhismo \u00e9 o esporte que tem a maior conex\u00e3o com a natureza de Petr\u00f3polis, que promove esse contato e chama aten\u00e7\u00e3o para a conserva\u00e7\u00e3o. E o concurso fotogr\u00e1fico \u00e9 uma das formas de expressar essa beleza da nossa cidade e estimular esse contato sustent\u00e1vel\u201d, destaca o prefeito Hingo Hammes.<\/p>\n\n\n\n<p>Para participar do concurso, as fotos devem ser enviadas por meio de um formul\u00e1rio (dispon\u00edvel neste link: bit.ly\/inscricao-concursoatm2025). Para cada foto submetida \u00e9 cobrada uma taxa de R$10, que serve para custear a impress\u00e3o e montagem da exposi\u00e7\u00e3o. Cada fot\u00f3grafo poder\u00e1 submeter at\u00e9 cinco fotos.<\/p>\n\n\n\n<p>\u201cO concurso \u00e9 organizado pelo projeto Expedi\u00e7\u00f5es do Centro Federal de Educa\u00e7\u00e3o Tecnol\u00f3gica Celso Suckow da Fonseca &#8211; Cefet\/RJ, da unidade Petr\u00f3polis, e pelo Centro Excursionista Petropolitano &#8211; CEP, com a curadoria da Sociedade Petropolitana de Fotografia &#8211; SOPEF\u201d, explicou Julian Kronenberger um dos coordenadores da ATM 2025 Petr\u00f3polis .<\/p>\n\n\n\n<p>As fotos ser\u00e3o avaliadas pela comiss\u00e3o organizadora e pelos curadores do evento. Os crit\u00e9rios de avalia\u00e7\u00e3o e o que pode e n\u00e3o pode ser feito, em rela\u00e7\u00e3o a manipula\u00e7\u00e3o digital das imagens, est\u00e3o descritos no edital do concurso (dispon\u00edvel neste link: https:\/\/www.cefet-rj.br\/attachments\/article\/9331\/Concurso_Fotogr%C3%A1fico%20ATM.pdf).<\/p>\n\n\n\n<p>O ganhador ser\u00e1 divulgado no dia 11 de abril, durante a abertura oficial do evento, no Centro de Cultura Raul de Leoni. As fotos classificadas nos tr\u00eas primeiros lugares ganhar\u00e3o certificados, medalhas e vale compras em uma loja de Petr\u00f3polis nos valores de: 1\u00ba lugar: R$ 200; 2\u00ba lugar: R$ 150; e 3\u00ba lugar: R$ 100. Os classificados de 4\u00ba a 10\u00ba lugares receber\u00e3o diplomas de men\u00e7\u00e3o honrosa.<\/p>\n\n\n\n<p>A Abertura ATM 2025<\/p>\n\n\n\n<p>A Abertura da Temporada de Montanhismo de Petr\u00f3polis vai contar com dois dias de evento, 11 e 12 de abril, na pra\u00e7a Visconde de Mau\u00e1 (pra\u00e7a da \u00c1guia) e tamb\u00e9m no Centro de Cultura Ra\u00fal de Leoni. Ao ar livre, junto com a feira cervejeira Deguste, ser\u00e3o 12 tendas de institui\u00e7\u00f5es voltadas ao meio ambiente e lojas voltadas para os esportes de montanhismo. Al\u00e9m de Slack Line e muro de escalada para crian\u00e7as. Dentro do centro de cultura, exposi\u00e7\u00f5es de fotos, filmes e palestras.<\/p>\n\n\n\n<p>\u201cA abertura oficial do evento vai acontecer no dia 11\/04 \u00e0s 19h. Ser\u00e3o dois dias de exposi\u00e7\u00f5es, nessa conex\u00e3o entre natureza, esporte e cultura\u201d, ressaltou o presidente do IMC &#8211; Adenilson Honorato.<\/p>\n","protected":false},"excerpt":{"rendered":"<p>O evento tem apoio da Prefeitura e as inscri\u00e7\u00f5es encerram dia 25 de mar\u00e7o O<\/p>\n","protected":false},"author":2,"featured_media":101064,"comment_status":"open","ping_status":"open","sticky":false,"template":"","format":"standard","meta":{"footnotes":""},"categories":[12],"tags":[],"class_list":["post-101063","post","type-post","status-publish","format-standard","has-post-thumbnail","hentry","category-cidade"],"_links":{"self":[{"href":"https:\/\/tvc16.com\/portal\/wp-json\/wp\/v2\/posts\/101063","targetHints":{"allow":["GET"]}}],"collection":[{"href":"https:\/\/tvc16.com\/portal\/wp-json\/wp\/v2\/posts"}],"about":[{"href":"https:\/\/tvc16.com\/portal\/wp-json\/wp\/v2\/types\/post"}],"author":[{"embeddable":true,"href":"https:\/\/tvc16.com\/portal\/wp-json\/wp\/v2\/users\/2"}],"replies":[{"embeddable":true,"href":"https:\/\/tvc16.com\/portal\/wp-json\/wp\/v2\/comments?post=101063"}],"version-history":[{"count":1,"href":"https:\/\/tvc16.com\/portal\/wp-json\/wp\/v2\/posts\/101063\/revisions"}],"predecessor-version":[{"id":101065,"href":"https:\/\/tvc16.com\/portal\/wp-json\/wp\/v2\/posts\/101063\/revisions\/101065"}],"wp:featuredmedia":[{"embeddable":true,"href":"https:\/\/tvc16.com\/portal\/wp-json\/wp\/v2\/media\/101064"}],"wp:attachment":[{"href":"https:\/\/tvc16.com\/portal\/wp-json\/wp\/v2\/media?parent=101063"}],"wp:term":[{"taxonomy":"category","embeddable":true,"href":"https:\/\/tvc16.com\/portal\/wp-json\/wp\/v2\/categories?post=101063"},{"taxonomy":"post_tag","embeddable":true,"href":"https:\/\/tvc16.com\/portal\/wp-json\/wp\/v2\/tags?post=101063"}],"curies":[{"name":"wp","href":"https:\/\/api.w.org\/{rel}","templated":true}]}}