{"id":101066,"date":"2025-03-23T05:00:00","date_gmt":"2025-03-23T08:00:00","guid":{"rendered":"https:\/\/tvc16.com\/portal\/?p=101066"},"modified":"2025-03-20T13:08:29","modified_gmt":"2025-03-20T16:08:29","slug":"projeto-maes-extraordinarias-encerra-temporada-com-programacao-especial-no-centro-de-cultura-raul-de-leoni","status":"publish","type":"post","link":"https:\/\/tvc16.com\/portal\/2025\/03\/23\/projeto-maes-extraordinarias-encerra-temporada-com-programacao-especial-no-centro-de-cultura-raul-de-leoni\/","title":{"rendered":"Projeto \u201cM\u00e3es Extraordin\u00e1rias\u201d encerra temporada com programa\u00e7\u00e3o especial no Centro de Cultura Raul de Leoni"},"content":{"rendered":"\n<p>A exposi\u00e7\u00e3o \u201cM\u00e3es Extraordin\u00e1rias, um olhar sens\u00edvel sobre maternidades n\u00e3o-normativas na cidade de Petr\u00f3polis\u201d chega ao fim no pr\u00f3ximo dia 30 de mar\u00e7o, encerrando um ciclo de reflex\u00f5es sobre diferentes viv\u00eancias maternas. Para marcar o encerramento, um evento especial ser\u00e1 realizado no \u00faltimo fim de semana do m\u00eas (29 e 30 de mar\u00e7o) na Galeria Van Dijk, no Centro de Cultura Raul de Leoni, reunindo oficinas, exibi\u00e7\u00e3o de document\u00e1rio e uma roda de conversa com especialistas e participantes do projeto.<\/p>\n\n\n\n<p>Desde sua abertura, a exposi\u00e7\u00e3o tem proporcionado ao p\u00fablico um olhar ampliado sobre a maternidade, explorando narrativas que fogem dos modelos convencionais e ressaltam a diversidade das experi\u00eancias maternas. A iniciativa tem parceria com a Feira do Empreendedorismo Feminino, que ocorre simultaneamente no sal\u00e3o t\u00e9rreo do Centro de Cultura, promovendo o fortalecimento de mulheres em diferentes esferas.<\/p>\n\n\n\n<p><strong>Um projeto que amplia narrativas<\/strong><\/p>\n\n\n\n<p>Ao longo de sua exibi\u00e7\u00e3o, o projeto \u201cM\u00e3es Extraordin\u00e1rias\u201d tem buscado dar visibilidade \u00e0s diferentes formas de maternar, abordando aspectos como maternidade solo, m\u00e3es at\u00edpicas, ado\u00e7\u00e3o e a maternidade LGBTQIAP. A exposi\u00e7\u00e3o re\u00fane relatos, fotografias e obras que retratam as viv\u00eancias dessas mulheres, propondo um di\u00e1logo sens\u00edvel sobre o assunto.<\/p>\n\n\n\n<p>O evento de encerramento marca n\u00e3o apenas o fim da temporada, mas a continuidade dessa discuss\u00e3o na sociedade, refor\u00e7ando a import\u00e2ncia da representatividade e do olhar plural sobre as experi\u00eancias maternas.<\/p>\n\n\n\n<p>Todas as atividades s\u00e3o gratuitas, mas algumas oficinas requerem inscri\u00e7\u00e3o pr\u00e9via. Mais informa\u00e7\u00f5es podem ser obtidas pelo e-mail&nbsp;<a href=\"mailto:projetomaesextraordinarias@gmail.com\">projetomaesextraordinarias@gmail.com<\/a>&nbsp;e a continuidade do projeto pelo instagram: projetomaesextraordinarias.<\/p>\n\n\n\n<p><strong>Programa\u00e7\u00e3o<\/strong><\/p>\n\n\n\n<p>No s\u00e1bado (29\/03), o destaque ser\u00e1 a Oficina de Registro Autorreferencial como ferramenta pol\u00edtica nas artes visuais, ministrada por Julia Botafogo, Ta\u00eds Lobo (Geod\u00e9sica Produ\u00e7\u00f5es) e Bel Acosta. A proposta da oficina \u00e9 promover um espa\u00e7o de reflex\u00e3o e cria\u00e7\u00e3o para mulheres, incentivando novas formas de representa\u00e7\u00e3o pessoal e art\u00edstica.<\/p>\n\n\n\n<p>J\u00e1 no domingo (30\/03), as atividades come\u00e7am com a Oficina de Fotografia Ecol\u00f3gica \u2013 Antotipia de C\u00farcuma, destinada a crian\u00e7as a partir de 5 anos e seus respons\u00e1veis. A t\u00e9cnica, que utiliza pigmentos naturais e luz solar para criar imagens, prop\u00f5e um contato l\u00fadico e experimental com a fotografia.<\/p>\n\n\n\n<p>A partir das 14h, ser\u00e1 exibido o document\u00e1rio \u201cM\u00e3es Extraordin\u00e1rias\u201d, que d\u00e1 voz a hist\u00f3rias reais de mulheres que vivenciam a maternidade de formas diversas e singulares.&nbsp;<\/p>\n\n\n\n<p>O evento encerra com a roda de conversa \u201cMulheres transformadas para transformar \u2013 a maternidade e seu valor no centro do mundo\u201d, reunindo advogadas, psic\u00f3logas, ativistas, m\u00e3es artistas e empreendedoras para um debate aberto sobre os desafios, conquistas e transforma\u00e7\u00f5es que a maternidade pode trazer.<\/p>\n\n\n\n<p>Foto: divulga\u00e7\u00e3o <\/p>\n","protected":false},"excerpt":{"rendered":"<p>A exposi\u00e7\u00e3o \u201cM\u00e3es Extraordin\u00e1rias, um olhar sens\u00edvel sobre maternidades n\u00e3o-normativas na cidade de Petr\u00f3polis\u201d chega<\/p>\n","protected":false},"author":2,"featured_media":101067,"comment_status":"open","ping_status":"open","sticky":false,"template":"","format":"standard","meta":{"footnotes":""},"categories":[12],"tags":[],"class_list":["post-101066","post","type-post","status-publish","format-standard","has-post-thumbnail","hentry","category-cidade"],"_links":{"self":[{"href":"https:\/\/tvc16.com\/portal\/wp-json\/wp\/v2\/posts\/101066","targetHints":{"allow":["GET"]}}],"collection":[{"href":"https:\/\/tvc16.com\/portal\/wp-json\/wp\/v2\/posts"}],"about":[{"href":"https:\/\/tvc16.com\/portal\/wp-json\/wp\/v2\/types\/post"}],"author":[{"embeddable":true,"href":"https:\/\/tvc16.com\/portal\/wp-json\/wp\/v2\/users\/2"}],"replies":[{"embeddable":true,"href":"https:\/\/tvc16.com\/portal\/wp-json\/wp\/v2\/comments?post=101066"}],"version-history":[{"count":1,"href":"https:\/\/tvc16.com\/portal\/wp-json\/wp\/v2\/posts\/101066\/revisions"}],"predecessor-version":[{"id":101068,"href":"https:\/\/tvc16.com\/portal\/wp-json\/wp\/v2\/posts\/101066\/revisions\/101068"}],"wp:featuredmedia":[{"embeddable":true,"href":"https:\/\/tvc16.com\/portal\/wp-json\/wp\/v2\/media\/101067"}],"wp:attachment":[{"href":"https:\/\/tvc16.com\/portal\/wp-json\/wp\/v2\/media?parent=101066"}],"wp:term":[{"taxonomy":"category","embeddable":true,"href":"https:\/\/tvc16.com\/portal\/wp-json\/wp\/v2\/categories?post=101066"},{"taxonomy":"post_tag","embeddable":true,"href":"https:\/\/tvc16.com\/portal\/wp-json\/wp\/v2\/tags?post=101066"}],"curies":[{"name":"wp","href":"https:\/\/api.w.org\/{rel}","templated":true}]}}