{"id":101069,"date":"2025-03-23T05:00:00","date_gmt":"2025-03-23T08:00:00","guid":{"rendered":"https:\/\/tvc16.com\/portal\/?p=101069"},"modified":"2025-03-20T13:15:23","modified_gmt":"2025-03-20T16:15:23","slug":"o-aumento-dos-juros-nao-deve-ser-o-unico-caminho-para-conter-a-inflacao-afirma-firjan","status":"publish","type":"post","link":"https:\/\/tvc16.com\/portal\/2025\/03\/23\/o-aumento-dos-juros-nao-deve-ser-o-unico-caminho-para-conter-a-inflacao-afirma-firjan\/","title":{"rendered":"O aumento dos juros n\u00e3o deve ser o \u00fanico caminho para conter a infla\u00e7\u00e3o, afirma Firjan"},"content":{"rendered":"\n<p>A Federa\u00e7\u00e3o das Ind\u00fastrias do Estado do Rio de Janeiro (Firjan) considera que o aumento da taxa b\u00e1sica de juros, de 13,25% para 14,25% ao ano, torna o cen\u00e1rio ainda mais desafiador para setores estrat\u00e9gicos da economia, como a ind\u00fastria, cuja produ\u00e7\u00e3o segue 16% abaixo de sua m\u00e1xima hist\u00f3rica. Al\u00e9m disso, dados recentes do mercado de trabalho mostram menor ritmo de crescimento das contrata\u00e7\u00f5es. \u201cA continuidade do ciclo de alta da taxa de juros, que j\u00e1 \u00e9 uma das mais altas do mundo em termos reais, penaliza um pa\u00eds que ainda carece de condi\u00e7\u00f5es b\u00e1sicas para alcan\u00e7ar seu potencial econ\u00f4mico\u201d, afirma o economista-chefe da Firjan, Jonathas Goulart.<\/p>\n\n\n\n<p>Para a federa\u00e7\u00e3o, o aumento dos juros n\u00e3o deve ser o \u00fanico caminho para conter o avan\u00e7o inflacion\u00e1rio. Segundo a Firjan, \u00e9 imprescind\u00edvel que haja uma agenda p\u00fablica comprometida em reduzir as vulnerabilidades internas. Nesse sentido, a implementa\u00e7\u00e3o de uma reforma das contas p\u00fablicas, que seja cr\u00edvel e focada na otimiza\u00e7\u00e3o dos gastos, \u00e9 essencial para evitar press\u00f5es cambiais e garantir a atua\u00e7\u00e3o mais eficiente do Estado na economia.<\/p>\n\n\n\n<p>Conforme a federa\u00e7\u00e3o, a busca pelo equil\u00edbrio fiscal, aliada a investimentos em \u00e1reas chave como inova\u00e7\u00e3o, tecnologia, infraestrutura e capital humano, ser\u00e1 crucial para recuperar a confian\u00e7a do setor industrial, que segue pessimista pelo terceiro m\u00eas consecutivo. \u201c\u00c9 preciso uni\u00e3o entre os poderes para que se atinja um objetivo maior no m\u00e9dio prazo. Se continuarmos com agendas que seguem o ciclo eleitoral, o resultado j\u00e1 \u00e9 conhecido: mais infla\u00e7\u00e3o, mais juros e mais desemprego\u201d, acrescenta Goulart.<\/p>\n\n\n\n<p>Foto: divulga\u00e7\u00e3o <\/p>\n","protected":false},"excerpt":{"rendered":"<p>A Federa\u00e7\u00e3o das Ind\u00fastrias do Estado do Rio de Janeiro (Firjan) considera que o aumento<\/p>\n","protected":false},"author":2,"featured_media":101070,"comment_status":"open","ping_status":"open","sticky":false,"template":"","format":"standard","meta":{"footnotes":""},"categories":[17],"tags":[],"class_list":["post-101069","post","type-post","status-publish","format-standard","has-post-thumbnail","hentry","category-outras-noticias"],"_links":{"self":[{"href":"https:\/\/tvc16.com\/portal\/wp-json\/wp\/v2\/posts\/101069","targetHints":{"allow":["GET"]}}],"collection":[{"href":"https:\/\/tvc16.com\/portal\/wp-json\/wp\/v2\/posts"}],"about":[{"href":"https:\/\/tvc16.com\/portal\/wp-json\/wp\/v2\/types\/post"}],"author":[{"embeddable":true,"href":"https:\/\/tvc16.com\/portal\/wp-json\/wp\/v2\/users\/2"}],"replies":[{"embeddable":true,"href":"https:\/\/tvc16.com\/portal\/wp-json\/wp\/v2\/comments?post=101069"}],"version-history":[{"count":1,"href":"https:\/\/tvc16.com\/portal\/wp-json\/wp\/v2\/posts\/101069\/revisions"}],"predecessor-version":[{"id":101071,"href":"https:\/\/tvc16.com\/portal\/wp-json\/wp\/v2\/posts\/101069\/revisions\/101071"}],"wp:featuredmedia":[{"embeddable":true,"href":"https:\/\/tvc16.com\/portal\/wp-json\/wp\/v2\/media\/101070"}],"wp:attachment":[{"href":"https:\/\/tvc16.com\/portal\/wp-json\/wp\/v2\/media?parent=101069"}],"wp:term":[{"taxonomy":"category","embeddable":true,"href":"https:\/\/tvc16.com\/portal\/wp-json\/wp\/v2\/categories?post=101069"},{"taxonomy":"post_tag","embeddable":true,"href":"https:\/\/tvc16.com\/portal\/wp-json\/wp\/v2\/tags?post=101069"}],"curies":[{"name":"wp","href":"https:\/\/api.w.org\/{rel}","templated":true}]}}