{"id":10107,"date":"2021-02-03T22:31:57","date_gmt":"2021-02-04T01:31:57","guid":{"rendered":"https:\/\/tvc16.com\/portal\/?p=10107"},"modified":"2021-02-03T22:35:30","modified_gmt":"2021-02-04T01:35:30","slug":"mais-de-cinco-mil-vagas-de-tomografia-para-a-rede-ambulatorial-nos-hospitais-particulares-para-reduzir-a-fila-de-espera-no-sus","status":"publish","type":"post","link":"https:\/\/tvc16.com\/portal\/2021\/02\/03\/mais-de-cinco-mil-vagas-de-tomografia-para-a-rede-ambulatorial-nos-hospitais-particulares-para-reduzir-a-fila-de-espera-no-sus\/","title":{"rendered":"Mais de cinco mil vagas de tomografia para a rede ambulatorial nos hospitais particulares, para reduzir a fila de espera no SUS"},"content":{"rendered":"\n<p>No m\u00eas de fevereiro ser\u00e3o abertas 2.868 vagas no Hospital Cl\u00ednico de Corr\u00eaas (HCC) e 3.052 no Hospital Nossa Senhora Aparecida (HNSA). A Secretaria de Sa\u00fade abriu, ainda, contrata\u00e7\u00e3o emergencial para exames de resson\u00e2ncia tamb\u00e9m na rede privada.<\/p>\n\n\n\n<p>\u201cEstamos empenhados em garantir a retomada dos servi\u00e7os, assegurando \u00e0 popula\u00e7\u00e3o toda a assist\u00eancia necess\u00e1ria\u201d, declarou o secret\u00e1rio de Sa\u00fade, Aloisio Barbosa da Silva Filho, lembrando que j\u00e1 na primeira semana do governo interino identificou problemas na manuten\u00e7\u00e3o dos equipamentos de resson\u00e2ncia e tomografia do Hospital Alcides Carneiro.<\/p>\n\n\n\n<p>\u201cVerificamos que os equipamentos estavam quebrados desde novembro e que os contratos de manuten\u00e7\u00e3o preventiva foram suspensos em 2019\u201d, esclareceu, Aloisio Barbosa.<\/p>\n\n\n\n<p>Segundo Aloisio, uma das primeiras a\u00e7\u00f5es da secretaria, em janeiro, foi destinar verba emergencial para a compra das pe\u00e7as necess\u00e1rias para o reparo e a contrata\u00e7\u00e3o dos t\u00e9cnicos para o trabalho.<\/p>\n\n\n\n<p>\u201cO HCC voltou a oferecer o servi\u00e7o de tomografia e o HNSA conseguiu o credenciamento pelo Sistema \u00danico de Sa\u00fade. Com isso, vamos conseguir atender a demanda\u201d, garantiu o secret\u00e1rio.<\/p>\n\n\n\n<p>Sobre a resson\u00e2ncia, o Munic\u00edpio est\u00e1 buscando empresas privadas para fazer a contrata\u00e7\u00e3o emergencial do servi\u00e7o.<\/p>\n\n\n\n<p>\u201cDiante da verifica\u00e7\u00e3o de que seria necess\u00e1rio mais tempo para o conserto, a Secretaria de Sa\u00fade abriu contrata\u00e7\u00e3o emergencial e aguarda apenas a manifesta\u00e7\u00e3o das unidades hospitalares\u201d, ressaltou.<\/p>\n\n\n\n<p>\u201cNosso foco agora ser\u00e1 agilizar o reparo dos equipamentos do HAC para que possamos voltar a oferecer o servi\u00e7o no hospital\u201d, finalizou Aloisio Barbosa<\/p>\n","protected":false},"excerpt":{"rendered":"<p>No m\u00eas de fevereiro ser\u00e3o abertas 2.868 vagas no Hospital Cl\u00ednico de Corr\u00eaas (HCC) e<\/p>\n","protected":false},"author":2,"featured_media":10113,"comment_status":"open","ping_status":"open","sticky":false,"template":"","format":"standard","meta":{"footnotes":""},"categories":[12],"tags":[],"class_list":["post-10107","post","type-post","status-publish","format-standard","has-post-thumbnail","hentry","category-cidade"],"_links":{"self":[{"href":"https:\/\/tvc16.com\/portal\/wp-json\/wp\/v2\/posts\/10107","targetHints":{"allow":["GET"]}}],"collection":[{"href":"https:\/\/tvc16.com\/portal\/wp-json\/wp\/v2\/posts"}],"about":[{"href":"https:\/\/tvc16.com\/portal\/wp-json\/wp\/v2\/types\/post"}],"author":[{"embeddable":true,"href":"https:\/\/tvc16.com\/portal\/wp-json\/wp\/v2\/users\/2"}],"replies":[{"embeddable":true,"href":"https:\/\/tvc16.com\/portal\/wp-json\/wp\/v2\/comments?post=10107"}],"version-history":[{"count":1,"href":"https:\/\/tvc16.com\/portal\/wp-json\/wp\/v2\/posts\/10107\/revisions"}],"predecessor-version":[{"id":10109,"href":"https:\/\/tvc16.com\/portal\/wp-json\/wp\/v2\/posts\/10107\/revisions\/10109"}],"wp:featuredmedia":[{"embeddable":true,"href":"https:\/\/tvc16.com\/portal\/wp-json\/wp\/v2\/media\/10113"}],"wp:attachment":[{"href":"https:\/\/tvc16.com\/portal\/wp-json\/wp\/v2\/media?parent=10107"}],"wp:term":[{"taxonomy":"category","embeddable":true,"href":"https:\/\/tvc16.com\/portal\/wp-json\/wp\/v2\/categories?post=10107"},{"taxonomy":"post_tag","embeddable":true,"href":"https:\/\/tvc16.com\/portal\/wp-json\/wp\/v2\/tags?post=10107"}],"curies":[{"name":"wp","href":"https:\/\/api.w.org\/{rel}","templated":true}]}}