{"id":101078,"date":"2025-03-22T05:00:00","date_gmt":"2025-03-22T08:00:00","guid":{"rendered":"https:\/\/tvc16.com\/portal\/?p=101078"},"modified":"2025-03-20T13:50:19","modified_gmt":"2025-03-20T16:50:19","slug":"teresopolis-e-reconhecida-como-municipio-turistico-no-novo-mapa-do-turismo-brasileiro","status":"publish","type":"post","link":"https:\/\/tvc16.com\/portal\/2025\/03\/22\/teresopolis-e-reconhecida-como-municipio-turistico-no-novo-mapa-do-turismo-brasileiro\/","title":{"rendered":"Teres\u00f3polis \u00e9 reconhecida como \u201cMunic\u00edpio Tur\u00edstico\u201d no novo Mapa do Turismo Brasileiro"},"content":{"rendered":"\n<p>Teres\u00f3polis, um dos principais destinos da Regi\u00e3o Serrana do Rio de Janeiro, foi oficialmente reconhecida como &#8220;Munic\u00edpio Tur\u00edstico&#8221; na atualiza\u00e7\u00e3o do Mapa do Turismo Brasileiro. A mudan\u00e7a, implementada pelo Minist\u00e9rio do Turismo no dia 6 de mar\u00e7o de 2025, substitui a antiga categoriza\u00e7\u00e3o por letras (A, B, C, D e E) e adota tr\u00eas novas denomina\u00e7\u00f5es: &#8220;munic\u00edpios tur\u00edsticos&#8221;, &#8220;munic\u00edpios com oferta tur\u00edstica complementar&#8221; e &#8220;munic\u00edpios de apoio ao turismo&#8221;. \u00a0<\/p>\n\n\n\n<p>Com essa atualiza\u00e7\u00e3o, cidades que possuem fluxo significativo de visitantes e infraestrutura tur\u00edstica consolidada, como Teres\u00f3polis, passam a ser classificadas como &#8220;munic\u00edpios tur\u00edsticos&#8221;. A medida est\u00e1 alinhada \u00e0s diretrizes da Nova Lei Geral do Turismo e do Plano Nacional do Turismo 2024-2027, que visam fortalecer o setor e garantir um planejamento estrat\u00e9gico mais eficiente. &nbsp;<\/p>\n\n\n\n<p><strong>O que muda com a nova classifica\u00e7\u00e3o?<br><\/strong><br>A reformula\u00e7\u00e3o da nomenclatura tem como objetivo tornar a categoriza\u00e7\u00e3o mais clara e alinhada \u00e0 realidade dos munic\u00edpios, facilitando o direcionamento de pol\u00edticas p\u00fablicas, investimentos e incentivos ao turismo. Segundo o Minist\u00e9rio do Turismo, a atualiza\u00e7\u00e3o permitir\u00e1 que cada cidade receba suporte adequado para explorar seu potencial e fomentar o crescimento do setor. &nbsp;<\/p>\n\n\n\n<p>Consolidada como um dos principais polos tur\u00edsticos do pa\u00eds, com a nova denomina\u00e7\u00e3o, a cidade ganha ainda mais visibilidade, podendo ampliar sua participa\u00e7\u00e3o em programas federais e atrair novos investimentos. &nbsp;<\/p>\n\n\n\n<p><strong>Impactos para Teres\u00f3polis<br><\/strong><br>A inclus\u00e3o da cidade na categoria de &#8220;Munic\u00edpio Tur\u00edstico&#8221; refor\u00e7a sua import\u00e2ncia no cen\u00e1rio nacional e fortalece sua economia, que tem no turismo uma de suas principais fontes de renda. Al\u00e9m disso, a mudan\u00e7a permite um acesso mais facilitado a recursos federais voltados para infraestrutura, capacita\u00e7\u00e3o de profissionais e promo\u00e7\u00e3o do destino. &nbsp;<\/p>\n\n\n\n<p>De acordo com o Plano Nacional do Turismo 2024-2027, a meta do governo federal \u00e9 aumentar o n\u00famero de viagens nacionais de 93 milh\u00f5es para 150 milh\u00f5es at\u00e9 2027, al\u00e9m de ampliar a entrada de turistas estrangeiros e a receita gerada pelo setor. Teres\u00f3polis, agora oficialmente reconhecida como um dos principais destinos do pa\u00eds, tem potencial para se beneficiar diretamente dessas iniciativas. &nbsp;<\/p>\n\n\n\n<p>Os gestores e interessados podem consultar a categoriza\u00e7\u00e3o dos munic\u00edpios no Mapa do Turismo Brasileiro por meio do sistema eletr\u00f4nico do Minist\u00e9rio do Turismo, acessando o site:&nbsp;<a rel=\"noreferrer noopener\" target=\"_blank\" href=\"https:\/\/na01.safelinks.protection.outlook.com\/?url=http%3A%2F%2Fwww.sistema.mapa.turismo.gov.br%2F&amp;data=05%7C02%7C%7C0c889a9566b84f69967c08dd67ceee78%7C84df9e7fe9f640afb435aaaaaaaaaaaa%7C1%7C0%7C638780860650809851%7CUnknown%7CTWFpbGZsb3d8eyJFbXB0eU1hcGkiOnRydWUsIlYiOiIwLjAuMDAwMCIsIlAiOiJXaW4zMiIsIkFOIjoiTWFpbCIsIldUIjoyfQ%3D%3D%7C0%7C%7C%7C&amp;sdata=GKJFSraQDwNVDh7RTpsPN4Qowz4Us205ytJb0BmTxss%3D&amp;reserved=0\">www.sistema.mapa.turismo.gov.br<\/a><\/p>\n\n\n\n<p>Com a nova categoriza\u00e7\u00e3o, Teres\u00f3polis reafirma sua posi\u00e7\u00e3o de destaque no turismo brasileiro e se prepara para continuar crescendo como destino de refer\u00eancia para visitantes nacionais e internacionais.<\/p>\n\n\n\n<p>Foto: Divulga\u00e7\u00e3o<\/p>\n","protected":false},"excerpt":{"rendered":"<p>Teres\u00f3polis, um dos principais destinos da Regi\u00e3o Serrana do Rio de Janeiro, foi oficialmente reconhecida<\/p>\n","protected":false},"author":2,"featured_media":101079,"comment_status":"open","ping_status":"open","sticky":false,"template":"","format":"standard","meta":{"footnotes":""},"categories":[17],"tags":[],"class_list":["post-101078","post","type-post","status-publish","format-standard","has-post-thumbnail","hentry","category-outras-noticias"],"_links":{"self":[{"href":"https:\/\/tvc16.com\/portal\/wp-json\/wp\/v2\/posts\/101078","targetHints":{"allow":["GET"]}}],"collection":[{"href":"https:\/\/tvc16.com\/portal\/wp-json\/wp\/v2\/posts"}],"about":[{"href":"https:\/\/tvc16.com\/portal\/wp-json\/wp\/v2\/types\/post"}],"author":[{"embeddable":true,"href":"https:\/\/tvc16.com\/portal\/wp-json\/wp\/v2\/users\/2"}],"replies":[{"embeddable":true,"href":"https:\/\/tvc16.com\/portal\/wp-json\/wp\/v2\/comments?post=101078"}],"version-history":[{"count":1,"href":"https:\/\/tvc16.com\/portal\/wp-json\/wp\/v2\/posts\/101078\/revisions"}],"predecessor-version":[{"id":101080,"href":"https:\/\/tvc16.com\/portal\/wp-json\/wp\/v2\/posts\/101078\/revisions\/101080"}],"wp:featuredmedia":[{"embeddable":true,"href":"https:\/\/tvc16.com\/portal\/wp-json\/wp\/v2\/media\/101079"}],"wp:attachment":[{"href":"https:\/\/tvc16.com\/portal\/wp-json\/wp\/v2\/media?parent=101078"}],"wp:term":[{"taxonomy":"category","embeddable":true,"href":"https:\/\/tvc16.com\/portal\/wp-json\/wp\/v2\/categories?post=101078"},{"taxonomy":"post_tag","embeddable":true,"href":"https:\/\/tvc16.com\/portal\/wp-json\/wp\/v2\/tags?post=101078"}],"curies":[{"name":"wp","href":"https:\/\/api.w.org\/{rel}","templated":true}]}}