{"id":101081,"date":"2025-03-21T05:00:00","date_gmt":"2025-03-21T08:00:00","guid":{"rendered":"https:\/\/tvc16.com\/portal\/?p=101081"},"modified":"2025-03-20T13:54:00","modified_gmt":"2025-03-20T16:54:00","slug":"reuniao-do-conselho-municipal-de-desenvolvimento-rural-sustentavel-e-realizada","status":"publish","type":"post","link":"https:\/\/tvc16.com\/portal\/2025\/03\/21\/reuniao-do-conselho-municipal-de-desenvolvimento-rural-sustentavel-e-realizada\/","title":{"rendered":"Reuni\u00e3o do Conselho Municipal de Desenvolvimento Rural Sustent\u00e1vel \u00e9 realizada"},"content":{"rendered":"\n<p>Na tarde da \u00faltima quarta-feira, 19, foi realizada a reuni\u00e3o do Conselho Municipal de Desenvolvimento Rural Sustent\u00e1vel no Teatro. Em pauta, foi apresentado um relat\u00f3rio do balan\u00e7o das atividades realizadas pela Secretaria Municipal de Agricultura, Abastecimento e Desenvolvimento Rural ao longo do m\u00eas de fevereiro. Entre os assuntos abordados, destacou-se os locais que receberam servi\u00e7os de capina, limpeza, ro\u00e7ada, desobstru\u00e7\u00e3o de ruas e a opera\u00e7\u00e3o tapa-buracos.<\/p>\n\n\n\n<p>Outro ponto da reuni\u00e3o foi a apresenta\u00e7\u00e3o dos cursos de capacita\u00e7\u00e3o oferecidos pelo Programa Mananciais Ceivap. Em parceria com o Conselho, os membros ir\u00e3o ajudar a fomentar essa iniciativa nas comunidades.<\/p>\n\n\n\n<p>O secret\u00e1rio de Agricultura, Zezin Cort\u00e1zio, refor\u00e7ou que as equipes seguem trabalhando com empenho e dedica\u00e7\u00e3o nos bairros do interior. \u201cNossa equipe est\u00e1 comprometida com as atividades di\u00e1rias nas \u00e1reas rurais, cuidando dos espa\u00e7os p\u00fablicos e fortalecendo&nbsp;as comunidades. Dia ap\u00f3s dia, estamos aprimorando nosso trabalho, oferecendo total apoio aos nossos agricultores e melhorando a nossa agricultura. N\u00e3o mediremos esfor\u00e7os para atender a todos\u201d, afirmou Zezinho, acompanhado da secret\u00e1ria de Turismo, Nina Benedito, dos subsecret\u00e1rios Marcos Vin\u00edcius dos Santos Costa (Agricultura) e Larissa Rezende (Ci\u00eancia e Tecnologia), do vereador Fabinho Fil\u00e9 e de membros da sociedade civil organizada.<\/p>\n\n\n\n<p>As reuni\u00f5es do Conselho acontecem na terceira semana de cada m\u00eas, sempre \u00e0s quartas-feiras. Todos os interessados s\u00e3o convidados a participar.<\/p>\n\n\n\n<p><strong>Fotos: Jhonatan Martins.<\/strong><\/p>\n","protected":false},"excerpt":{"rendered":"<p>Na tarde da \u00faltima quarta-feira, 19, foi realizada a reuni\u00e3o do Conselho Municipal de Desenvolvimento<\/p>\n","protected":false},"author":2,"featured_media":101082,"comment_status":"open","ping_status":"open","sticky":false,"template":"","format":"standard","meta":{"footnotes":""},"categories":[17],"tags":[],"class_list":["post-101081","post","type-post","status-publish","format-standard","has-post-thumbnail","hentry","category-outras-noticias"],"_links":{"self":[{"href":"https:\/\/tvc16.com\/portal\/wp-json\/wp\/v2\/posts\/101081","targetHints":{"allow":["GET"]}}],"collection":[{"href":"https:\/\/tvc16.com\/portal\/wp-json\/wp\/v2\/posts"}],"about":[{"href":"https:\/\/tvc16.com\/portal\/wp-json\/wp\/v2\/types\/post"}],"author":[{"embeddable":true,"href":"https:\/\/tvc16.com\/portal\/wp-json\/wp\/v2\/users\/2"}],"replies":[{"embeddable":true,"href":"https:\/\/tvc16.com\/portal\/wp-json\/wp\/v2\/comments?post=101081"}],"version-history":[{"count":1,"href":"https:\/\/tvc16.com\/portal\/wp-json\/wp\/v2\/posts\/101081\/revisions"}],"predecessor-version":[{"id":101083,"href":"https:\/\/tvc16.com\/portal\/wp-json\/wp\/v2\/posts\/101081\/revisions\/101083"}],"wp:featuredmedia":[{"embeddable":true,"href":"https:\/\/tvc16.com\/portal\/wp-json\/wp\/v2\/media\/101082"}],"wp:attachment":[{"href":"https:\/\/tvc16.com\/portal\/wp-json\/wp\/v2\/media?parent=101081"}],"wp:term":[{"taxonomy":"category","embeddable":true,"href":"https:\/\/tvc16.com\/portal\/wp-json\/wp\/v2\/categories?post=101081"},{"taxonomy":"post_tag","embeddable":true,"href":"https:\/\/tvc16.com\/portal\/wp-json\/wp\/v2\/tags?post=101081"}],"curies":[{"name":"wp","href":"https:\/\/api.w.org\/{rel}","templated":true}]}}