{"id":101084,"date":"2025-03-20T14:42:40","date_gmt":"2025-03-20T17:42:40","guid":{"rendered":"https:\/\/tvc16.com\/portal\/?p=101084"},"modified":"2025-03-20T14:42:42","modified_gmt":"2025-03-20T17:42:42","slug":"resgate-de-bicho-preguica-no-parque-natural-municipal-padre-quinha","status":"publish","type":"post","link":"https:\/\/tvc16.com\/portal\/2025\/03\/20\/resgate-de-bicho-preguica-no-parque-natural-municipal-padre-quinha\/","title":{"rendered":"Resgate de Bicho-Pregui\u00e7a no Parque Natural Municipal Padre Quinha"},"content":{"rendered":"\n<p>Um bicho-pregui\u00e7a debilitado foi resgatado no Parque Natural Municipal Padre Quinha, na Avenida Ipiranga, em uma a\u00e7\u00e3o da Prefeitura Municipal, por meio da Secretaria de Meio Ambiente, e a Guarda Civil Municipal. O resgate foi realizado pelo Grupamento de Prote\u00e7\u00e3o Ambiental (GPA).<\/p>\n\n\n\n<p>A ocorr\u00eancia teve in\u00edcio quando os Guardas Civis que atuam no local localizaram o animal em estado de fraqueza. Diante da situa\u00e7\u00e3o, a equipe do GPA foi acionada imediatamente, garantindo o transporte seguro do bicho-pregui\u00e7a at\u00e9 a \u00c1rea de Prote\u00e7\u00e3o Ambiental &#8211; APA Petr\u00f3polis. De l\u00e1, o animal foi encaminhado para uma cl\u00ednica veterin\u00e1ria especializada, para receber os cuidados necess\u00e1rios para sua recupera\u00e7\u00e3o.<\/p>\n\n\n\n<p>O prefeito Hingo Hammes ressaltou o valor da integra\u00e7\u00e3o entre os \u00f3rg\u00e3os municipais na prote\u00e7\u00e3o do meio ambiente. &#8220;O resgate de hoje \u00e9 mais uma prova do esfor\u00e7o cont\u00ednuo de nossas equipes para garantir a seguran\u00e7a da nossa fauna. A pronta resposta do GPA, em parceria com a Secretaria de Meio Ambiente, reflete nosso compromisso com a preserva\u00e7\u00e3o ambiental e a prote\u00e7\u00e3o dos animais que habitam nossos parques&#8221;, afirmou o prefeito.<\/p>\n\n\n\n<p>A Secretaria de Meio Ambiente, por meio da a\u00e7\u00e3o do Grupamento de Prote\u00e7\u00e3o Ambiental, tem atuado constantemente na preserva\u00e7\u00e3o da fauna local. O vice-prefeito e secret\u00e1rio de Meio Ambiente, Albano Filho, o Baninho, afirmou que &#8220;esse resgate \u00e9 o reflexo do trabalho cont\u00ednuo de nossa equipe para proteger o meio ambiente. A atua\u00e7\u00e3o eficiente dos nossos agentes \u00e9 fundamental para a conserva\u00e7\u00e3o das esp\u00e9cies e para a sa\u00fade do nosso ecossistema. Estamos confiantes de que, ap\u00f3s o tratamento, o bicho-pregui\u00e7a retornar\u00e1 \u00e0 natureza, cumprindo seu ciclo,&#8221;, destacou.<\/p>\n\n\n\n<p>Ap\u00f3s o devido processo de recupera\u00e7\u00e3o, o bicho-pregui\u00e7a ser\u00e1 liberado de volta \u00e0 natureza, em seu habitat natural, completando mais uma a\u00e7\u00e3o bem-sucedida em prol da preserva\u00e7\u00e3o da fauna local.<\/p>\n\n\n\n<p>Foto: divulga\u00e7\u00e3o <\/p>\n","protected":false},"excerpt":{"rendered":"<p>Um bicho-pregui\u00e7a debilitado foi resgatado no Parque Natural Municipal Padre Quinha, na Avenida Ipiranga, em<\/p>\n","protected":false},"author":2,"featured_media":101085,"comment_status":"open","ping_status":"open","sticky":false,"template":"","format":"standard","meta":{"footnotes":""},"categories":[12],"tags":[],"class_list":["post-101084","post","type-post","status-publish","format-standard","has-post-thumbnail","hentry","category-cidade"],"_links":{"self":[{"href":"https:\/\/tvc16.com\/portal\/wp-json\/wp\/v2\/posts\/101084","targetHints":{"allow":["GET"]}}],"collection":[{"href":"https:\/\/tvc16.com\/portal\/wp-json\/wp\/v2\/posts"}],"about":[{"href":"https:\/\/tvc16.com\/portal\/wp-json\/wp\/v2\/types\/post"}],"author":[{"embeddable":true,"href":"https:\/\/tvc16.com\/portal\/wp-json\/wp\/v2\/users\/2"}],"replies":[{"embeddable":true,"href":"https:\/\/tvc16.com\/portal\/wp-json\/wp\/v2\/comments?post=101084"}],"version-history":[{"count":1,"href":"https:\/\/tvc16.com\/portal\/wp-json\/wp\/v2\/posts\/101084\/revisions"}],"predecessor-version":[{"id":101086,"href":"https:\/\/tvc16.com\/portal\/wp-json\/wp\/v2\/posts\/101084\/revisions\/101086"}],"wp:featuredmedia":[{"embeddable":true,"href":"https:\/\/tvc16.com\/portal\/wp-json\/wp\/v2\/media\/101085"}],"wp:attachment":[{"href":"https:\/\/tvc16.com\/portal\/wp-json\/wp\/v2\/media?parent=101084"}],"wp:term":[{"taxonomy":"category","embeddable":true,"href":"https:\/\/tvc16.com\/portal\/wp-json\/wp\/v2\/categories?post=101084"},{"taxonomy":"post_tag","embeddable":true,"href":"https:\/\/tvc16.com\/portal\/wp-json\/wp\/v2\/tags?post=101084"}],"curies":[{"name":"wp","href":"https:\/\/api.w.org\/{rel}","templated":true}]}}