{"id":101087,"date":"2025-03-22T05:00:00","date_gmt":"2025-03-22T08:00:00","guid":{"rendered":"https:\/\/tvc16.com\/portal\/?p=101087"},"modified":"2025-03-20T14:47:19","modified_gmt":"2025-03-20T17:47:19","slug":"petropolis-regulamenta-programa-municipal-de-educacao-ambiental","status":"publish","type":"post","link":"https:\/\/tvc16.com\/portal\/2025\/03\/22\/petropolis-regulamenta-programa-municipal-de-educacao-ambiental\/","title":{"rendered":"Petr\u00f3polis regulamenta Programa Municipal de Educa\u00e7\u00e3o Ambiental"},"content":{"rendered":"\n<p>Depois de 13 anos de espera, Petr\u00f3polis agora conta com o Programa Municipal de Educa\u00e7\u00e3o Ambiental (Promea), formalizado pelo prefeito Hingo Hammes. A medida foi publicada no Di\u00e1rio Oficial do munic\u00edpio no dia 13 de mar\u00e7o. O programa, que tem como objetivo promover a conscientiza\u00e7\u00e3o ecol\u00f3gica e a sustentabilidade no munic\u00edpio, integra diversas pol\u00edticas p\u00fablicas e visa incentivar a participa\u00e7\u00e3o da popula\u00e7\u00e3o em a\u00e7\u00f5es ambientais.<\/p>\n\n\n\n<p>Em 2021, o prefeito Hingo Hammes j\u00e1 havia sancionado a lei de cria\u00e7\u00e3o do Fundo Municipal de Conserva\u00e7\u00e3o Ambiental (FMCA), um passo importante para garantir mais recursos destinados ao meio ambiente no munic\u00edpio. O Promea complementa essas iniciativas ao estabelecer a educa\u00e7\u00e3o ambiental como um componente essencial na forma\u00e7\u00e3o cidad\u00e3, envolvendo diferentes setores da sociedade, como escolas, empresas e a popula\u00e7\u00e3o em geral.<\/p>\n\n\n\n<p>\u201cA educa\u00e7\u00e3o ambiental \u00e9 fundamental para garantir um futuro mais sustent\u00e1vel para as pr\u00f3ximas gera\u00e7\u00f5es. Com o Promea, fortalecemos a\u00e7\u00f5es de conscientiza\u00e7\u00e3o e ampliamos a participa\u00e7\u00e3o da sociedade na constru\u00e7\u00e3o de uma cidade mais equilibrada e respons\u00e1vel com seus recursos naturais\u201d, afirmou o prefeito. Ele tamb\u00e9m destacou a import\u00e2ncia do programa para fortalecer o ICMS Verde, que \u00e9 uma forma de incentivar pr\u00e1ticas sustent\u00e1veis no munic\u00edpio. \u201cO Promea vai ajudar a aumentar nossa pontua\u00e7\u00e3o no ICMS Verde, o que pode garantir mais recursos para investimentos ambientais e promover um desenvolvimento mais sustent\u00e1vel para a cidade.\u201d<\/p>\n\n\n\n<p>O vice-prefeito e secret\u00e1rio de Meio Ambiente, Albano Filho, o Baninho, explicou que o Promea cria uma base s\u00f3lida para que todos os setores da sociedade se envolvam na preserva\u00e7\u00e3o ambiental. \u201cO programa cria uma base s\u00f3lida para que escolas, institui\u00e7\u00f5es, empresas e a popula\u00e7\u00e3o em geral atuem juntos na preserva\u00e7\u00e3o ambiental. A transversalidade das a\u00e7\u00f5es garantir\u00e1 que a educa\u00e7\u00e3o ambiental esteja presente em todas as esferas do munic\u00edpio\u201d, disse o vice-prefeito.<\/p>\n\n\n\n<p>Para a presidente da Companhia Municipal de Desenvolvimento de Petr\u00f3polis (Comdep), Fernanda Ferreira, a regulamenta\u00e7\u00e3o do Promea representa um avan\u00e7o significativo na constru\u00e7\u00e3o de uma cidade mais sustent\u00e1vel. \u201cAo regulamentar o Promea, a Prefeitura est\u00e1 consolidando um compromisso com a gest\u00e3o sustent\u00e1vel dos res\u00edduos e a preserva\u00e7\u00e3o dos espa\u00e7os p\u00fablicos. Integrar a\u00e7\u00f5es educativas ao nosso trabalho di\u00e1rio \u00e9 essencial para envolver a comunidade na constru\u00e7\u00e3o de um futuro mais equilibrado e respons\u00e1vel com o meio ambiente\u201d, afirmou.<\/p>\n\n\n\n<p>O presidente do Conselho Municipal de Defesa do Meio Ambiente (Comdema), Ant\u00f4nio Werneck, destacou o papel fundamental do conselho na implementa\u00e7\u00e3o das diretrizes do programa. \u201cO Comdema, por meio da C\u00e2mara T\u00e9cnica de Educa\u00e7\u00e3o, que re\u00fane diversas entidades da sociedade civil com experi\u00eancia em mobiliza\u00e7\u00e3o e educa\u00e7\u00e3o comunit\u00e1ria ecol\u00f3gica, ter\u00e1 um papel ativo nessa a\u00e7\u00e3o. A regulamenta\u00e7\u00e3o \u00e9 importante porque, ao aglutinar as experi\u00eancias do poder p\u00fablico com as a\u00e7\u00f5es das institui\u00e7\u00f5es da sociedade civil que j\u00e1 promovem iniciativas educacionais, facilitar\u00e1 o alcance das metas definidas no Decreto de regulamenta\u00e7\u00e3o\u201d, afirmou.<\/p>\n\n\n\n<p>Foto: divulga\u00e7\u00e3o <\/p>\n","protected":false},"excerpt":{"rendered":"<p>Depois de 13 anos de espera, Petr\u00f3polis agora conta com o Programa Municipal de Educa\u00e7\u00e3o<\/p>\n","protected":false},"author":2,"featured_media":101088,"comment_status":"open","ping_status":"open","sticky":false,"template":"","format":"standard","meta":{"footnotes":""},"categories":[12],"tags":[],"class_list":["post-101087","post","type-post","status-publish","format-standard","has-post-thumbnail","hentry","category-cidade"],"_links":{"self":[{"href":"https:\/\/tvc16.com\/portal\/wp-json\/wp\/v2\/posts\/101087","targetHints":{"allow":["GET"]}}],"collection":[{"href":"https:\/\/tvc16.com\/portal\/wp-json\/wp\/v2\/posts"}],"about":[{"href":"https:\/\/tvc16.com\/portal\/wp-json\/wp\/v2\/types\/post"}],"author":[{"embeddable":true,"href":"https:\/\/tvc16.com\/portal\/wp-json\/wp\/v2\/users\/2"}],"replies":[{"embeddable":true,"href":"https:\/\/tvc16.com\/portal\/wp-json\/wp\/v2\/comments?post=101087"}],"version-history":[{"count":1,"href":"https:\/\/tvc16.com\/portal\/wp-json\/wp\/v2\/posts\/101087\/revisions"}],"predecessor-version":[{"id":101089,"href":"https:\/\/tvc16.com\/portal\/wp-json\/wp\/v2\/posts\/101087\/revisions\/101089"}],"wp:featuredmedia":[{"embeddable":true,"href":"https:\/\/tvc16.com\/portal\/wp-json\/wp\/v2\/media\/101088"}],"wp:attachment":[{"href":"https:\/\/tvc16.com\/portal\/wp-json\/wp\/v2\/media?parent=101087"}],"wp:term":[{"taxonomy":"category","embeddable":true,"href":"https:\/\/tvc16.com\/portal\/wp-json\/wp\/v2\/categories?post=101087"},{"taxonomy":"post_tag","embeddable":true,"href":"https:\/\/tvc16.com\/portal\/wp-json\/wp\/v2\/tags?post=101087"}],"curies":[{"name":"wp","href":"https:\/\/api.w.org\/{rel}","templated":true}]}}