{"id":101090,"date":"2025-03-23T05:00:00","date_gmt":"2025-03-23T08:00:00","guid":{"rendered":"https:\/\/tvc16.com\/portal\/?p=101090"},"modified":"2025-03-20T14:51:08","modified_gmt":"2025-03-20T17:51:08","slug":"projeto-de-lei-busca-implementar-o-ensino-de-musica-nas-escolas-publicas-de-petropolis","status":"publish","type":"post","link":"https:\/\/tvc16.com\/portal\/2025\/03\/23\/projeto-de-lei-busca-implementar-o-ensino-de-musica-nas-escolas-publicas-de-petropolis\/","title":{"rendered":"Projeto de lei busca implementar o ensino de m\u00fasica nas escolas p\u00fablicas de Petr\u00f3polis"},"content":{"rendered":"\n<p>Na \u00faltima quarta-feira (19), a C\u00e2mara Municipal de Petr\u00f3polis aprovou o projeto de lei que estabelece o ensino de m\u00fasica como conte\u00fado obrigat\u00f3rio no curr\u00edculo da Educa\u00e7\u00e3o B\u00e1sica das escolas p\u00fablicas do munic\u00edpio. A medida visa enriquecer a forma\u00e7\u00e3o dos alunos, promovendo n\u00e3o apenas o desenvolvimento cognitivo, mas tamb\u00e9m o emocional, social e cultural.<\/p>\n\n\n\n<p>O projeto, de autoria da vereadora J\u00falia Casamasso determina que a m\u00fasica seja inclusa no componente curricular Artes, abrangendo todas as etapas da Educa\u00e7\u00e3o B\u00e1sica, desde a educa\u00e7\u00e3o infantil at\u00e9 o ensino fundamental. A proposta destaca a import\u00e2ncia do ensino musical na forma\u00e7\u00e3o integral dos estudantes, valorizando a diversidade cultural e as manifesta\u00e7\u00f5es populares, especialmente no contexto da educa\u00e7\u00e3o infantil. O canto coletivo, como pr\u00e1tica pedag\u00f3gica, ser\u00e1 uma das metodologias aplicadas ao longo do processo de musicaliza\u00e7\u00e3o.<\/p>\n\n\n\n<p>Al\u00e9m disso, a implementa\u00e7\u00e3o da lei requer carga hor\u00e1ria semanal obrigat\u00f3ria de atividades musicais, incluindo a participa\u00e7\u00e3o de m\u00fasicos profissionais e professores com licenciatura em m\u00fasica, para garantir a qualidade do ensino. A forma\u00e7\u00e3o cont\u00ednua dos educadores tamb\u00e9m ser\u00e1 incentivada, com a abertura de concursos p\u00fablicos para o cargo de professor de m\u00fasica.<\/p>\n\n\n\n<p>Em sua justificativa, a vereadora J\u00falia Casamasso destacou os benef\u00edcios do ensino de m\u00fasica para o desenvolvimento cognitivo e emocional dos alunos. \u201cEstudos comprovam que a m\u00fasica estimula a mem\u00f3ria, a concentra\u00e7\u00e3o, o racioc\u00ednio e a resolu\u00e7\u00e3o de problemas, al\u00e9m de promover habilidades psicomotoras, emocionais e afetivas. Ela tamb\u00e9m oferece uma importante ferramenta de express\u00e3o, permitindo que os alunos se conectem com suas emo\u00e7\u00f5es e desenvolvam sua criatividade\u201d, afirmou a autora do projeto.<\/p>\n\n\n\n<p>Foto: divulga\u00e7\u00e3o <\/p>\n","protected":false},"excerpt":{"rendered":"<p>Na \u00faltima quarta-feira (19), a C\u00e2mara Municipal de Petr\u00f3polis aprovou o projeto de lei que<\/p>\n","protected":false},"author":2,"featured_media":77330,"comment_status":"open","ping_status":"open","sticky":false,"template":"","format":"standard","meta":{"footnotes":""},"categories":[12],"tags":[],"class_list":["post-101090","post","type-post","status-publish","format-standard","has-post-thumbnail","hentry","category-cidade"],"_links":{"self":[{"href":"https:\/\/tvc16.com\/portal\/wp-json\/wp\/v2\/posts\/101090","targetHints":{"allow":["GET"]}}],"collection":[{"href":"https:\/\/tvc16.com\/portal\/wp-json\/wp\/v2\/posts"}],"about":[{"href":"https:\/\/tvc16.com\/portal\/wp-json\/wp\/v2\/types\/post"}],"author":[{"embeddable":true,"href":"https:\/\/tvc16.com\/portal\/wp-json\/wp\/v2\/users\/2"}],"replies":[{"embeddable":true,"href":"https:\/\/tvc16.com\/portal\/wp-json\/wp\/v2\/comments?post=101090"}],"version-history":[{"count":1,"href":"https:\/\/tvc16.com\/portal\/wp-json\/wp\/v2\/posts\/101090\/revisions"}],"predecessor-version":[{"id":101091,"href":"https:\/\/tvc16.com\/portal\/wp-json\/wp\/v2\/posts\/101090\/revisions\/101091"}],"wp:featuredmedia":[{"embeddable":true,"href":"https:\/\/tvc16.com\/portal\/wp-json\/wp\/v2\/media\/77330"}],"wp:attachment":[{"href":"https:\/\/tvc16.com\/portal\/wp-json\/wp\/v2\/media?parent=101090"}],"wp:term":[{"taxonomy":"category","embeddable":true,"href":"https:\/\/tvc16.com\/portal\/wp-json\/wp\/v2\/categories?post=101090"},{"taxonomy":"post_tag","embeddable":true,"href":"https:\/\/tvc16.com\/portal\/wp-json\/wp\/v2\/tags?post=101090"}],"curies":[{"name":"wp","href":"https:\/\/api.w.org\/{rel}","templated":true}]}}