{"id":101112,"date":"2025-03-21T08:23:15","date_gmt":"2025-03-21T11:23:15","guid":{"rendered":"https:\/\/tvc16.com\/portal\/?p=101112"},"modified":"2025-03-21T08:32:43","modified_gmt":"2025-03-21T11:32:43","slug":"criancas-participam-de-acao-pelo-dia-mundial-da-saude-bucal-em-petropolis","status":"publish","type":"post","link":"https:\/\/tvc16.com\/portal\/2025\/03\/21\/criancas-participam-de-acao-pelo-dia-mundial-da-saude-bucal-em-petropolis\/","title":{"rendered":"Crian\u00e7as participam de a\u00e7\u00e3o pelo Dia Mundial da Sa\u00fade Bucal em Petr\u00f3polis"},"content":{"rendered":"\n<p><em>A\u00e7\u00e3o organizada pela Prefeitura de Petr\u00f3polis teve o objetivo de conscientizar crian\u00e7as da Rede Municipal de Educa\u00e7\u00e3o<\/em><\/p>\n\n\n\n<p>Crian\u00e7as de escolas da Rede Municipal de Educa\u00e7\u00e3o de Petr\u00f3polis participaram nesta quinta-feira (20) de a\u00e7\u00f5es de conscientiza\u00e7\u00e3o pelo Dia Mundial da Sa\u00fade Bucal. Alunos do Centro Educacional Terra Santa e do Col\u00e9gio Gunnar Vingren tiveram a oportunidade de conhecer o Centro de Especialidades Odontol\u00f3gicas (CEO), unidade do Sistema \u00danico de Sa\u00fade que atende cerca de 800 pacientes por m\u00eas. A\u00e7\u00e3o tamb\u00e9m aconteceu na Escola Dom Manuel Pedro da Cunha Cintra, no Carangola.<\/p>\n\n\n\n<p>No CEO, mais de 100 crian\u00e7as, divididas em dois turnos, tiveram a oportunidade de conhecer a estrutura de um consult\u00f3rio odontol\u00f3gico, como funcionam os aparelhos e a import\u00e2ncia do cuidado com a sa\u00fade bucal. Al\u00e9m disso, os alunos participaram de atividades de arte e receberam orienta\u00e7\u00e3o para escova\u00e7\u00e3o adequada, kits de higiene e lanche.<\/p>\n\n\n\n<p>\u201cA\u00e7\u00f5es, como essas de hoje, s\u00e3o importantes para criar uma boa consci\u00eancia em nossas crian\u00e7as, tudo em prol da sa\u00fade e da qualidade de vida delas\u201d, comenta o prefeito de Petr\u00f3polis, Hingo Hammes.<\/p>\n\n\n\n<p>Na parte da tarde, 250 alunos da Escola Municipal Dom Manuel Pedro da Cunha Cintra, no bairro Carangola, tamb\u00e9m receberam orienta\u00e7\u00e3o da sa\u00fade bucal atrav\u00e9s de uma apresenta\u00e7\u00e3o teatral, com escova\u00e7\u00e3o e distribui\u00e7\u00e3o de kits de higiene.<\/p>\n\n\n\n<p>\u201cFoi muito bom ver as crian\u00e7as hoje participando das a\u00e7\u00f5es. Tenho certeza de que essas sementinhas que plantamos hoje d\u00e3o bons resultados no futuro\u201d, comemorou o Secret\u00e1rio Municipal de Sa\u00fade, Lu\u00eds Cruzick, que esteve no Centro de Especialidades Odontol\u00f3gicas acompanhando uma das a\u00e7\u00f5es.<\/p>\n","protected":false},"excerpt":{"rendered":"<p>A\u00e7\u00e3o organizada pela Prefeitura de Petr\u00f3polis teve o objetivo de conscientizar crian\u00e7as da Rede Municipal<\/p>\n","protected":false},"author":2,"featured_media":101113,"comment_status":"open","ping_status":"open","sticky":false,"template":"","format":"standard","meta":{"footnotes":""},"categories":[12],"tags":[],"class_list":["post-101112","post","type-post","status-publish","format-standard","has-post-thumbnail","hentry","category-cidade"],"_links":{"self":[{"href":"https:\/\/tvc16.com\/portal\/wp-json\/wp\/v2\/posts\/101112","targetHints":{"allow":["GET"]}}],"collection":[{"href":"https:\/\/tvc16.com\/portal\/wp-json\/wp\/v2\/posts"}],"about":[{"href":"https:\/\/tvc16.com\/portal\/wp-json\/wp\/v2\/types\/post"}],"author":[{"embeddable":true,"href":"https:\/\/tvc16.com\/portal\/wp-json\/wp\/v2\/users\/2"}],"replies":[{"embeddable":true,"href":"https:\/\/tvc16.com\/portal\/wp-json\/wp\/v2\/comments?post=101112"}],"version-history":[{"count":1,"href":"https:\/\/tvc16.com\/portal\/wp-json\/wp\/v2\/posts\/101112\/revisions"}],"predecessor-version":[{"id":101114,"href":"https:\/\/tvc16.com\/portal\/wp-json\/wp\/v2\/posts\/101112\/revisions\/101114"}],"wp:featuredmedia":[{"embeddable":true,"href":"https:\/\/tvc16.com\/portal\/wp-json\/wp\/v2\/media\/101113"}],"wp:attachment":[{"href":"https:\/\/tvc16.com\/portal\/wp-json\/wp\/v2\/media?parent=101112"}],"wp:term":[{"taxonomy":"category","embeddable":true,"href":"https:\/\/tvc16.com\/portal\/wp-json\/wp\/v2\/categories?post=101112"},{"taxonomy":"post_tag","embeddable":true,"href":"https:\/\/tvc16.com\/portal\/wp-json\/wp\/v2\/tags?post=101112"}],"curies":[{"name":"wp","href":"https:\/\/api.w.org\/{rel}","templated":true}]}}