{"id":101115,"date":"2025-03-21T08:24:07","date_gmt":"2025-03-21T11:24:07","guid":{"rendered":"https:\/\/tvc16.com\/portal\/?p=101115"},"modified":"2025-03-21T08:24:09","modified_gmt":"2025-03-21T11:24:09","slug":"tarde-das-mulheres-na-casa-da-educacao-celebra-a-valorizacao-das-servidoras-da-secretaria-de-educacao","status":"publish","type":"post","link":"https:\/\/tvc16.com\/portal\/2025\/03\/21\/tarde-das-mulheres-na-casa-da-educacao-celebra-a-valorizacao-das-servidoras-da-secretaria-de-educacao\/","title":{"rendered":"Tarde das Mulheres na Casa da Educa\u00e7\u00e3o celebra a valoriza\u00e7\u00e3o das servidoras da Secretaria de Educa\u00e7\u00e3o"},"content":{"rendered":"\n<p>Evento contou com palestra sobre intelig\u00eancia artificial, momentos de bem-estar e apresenta\u00e7\u00f5es culturais para homenagear as mulheres da educa\u00e7\u00e3o em Petr\u00f3polis<\/p>\n\n\n\n<p>Na quarta-feira (19), a Casa da Educa\u00e7\u00e3o, em Petr\u00f3polis, foi palco de um evento dedicado \u00e0s mulheres da Secretaria de Educa\u00e7\u00e3o do munic\u00edpio. A a\u00e7\u00e3o, intitulada \u201cTarde das Mulheres\u201d, teve como objetivo proporcionar momentos de reconhecimento e valoriza\u00e7\u00e3o, al\u00e9m de promover reflex\u00e3o e bem-estar.<\/p>\n\n\n\n<p>O evento contou com a palestra \u201cA intelig\u00eancia artificial vai nos substituir? Mitos e Verdades\u201d, ministrada por Marcilene Scantamburlo, que abordou os avan\u00e7os da tecnologia e o impacto das inova\u00e7\u00f5es digitais na sociedade, destacando o papel das mulheres em um contexto de transforma\u00e7\u00e3o.<\/p>\n\n\n\n<p>\u201cMuito mais do que oferecer uma tarde especial para as servidoras, o evento serviu como ponto de conversa e aprendizado sobre as novas tecnologias e a import\u00e2ncia das educadoras estarem por dentro destas novidades que acabam permeando o dia a dia nas escolas\u201d, afirmou o prefeito, Hingo Hammes<\/p>\n\n\n\n<p>Al\u00e9m da palestra, as participantes tiveram \u00e0 disposi\u00e7\u00e3o um espa\u00e7o dedicado ao cuidado e ao relaxamento, com servi\u00e7os de maquiagem e massagem, promovendo um momento de autocuidado. O evento tamb\u00e9m contou com a apresenta\u00e7\u00e3o do grupo de teatro EcoArt, que levou aos presentes uma performance art\u00edstica, e o show da dupla Julien Bacelar e Thiago Rabello, que encerrou a tarde com um momento musical de descontra\u00e7\u00e3o.<\/p>\n\n\n\n<p>O secret\u00e1rio de Educa\u00e7\u00e3o, Alexandre Gurgel, destacou a import\u00e2ncia de iniciativas como essa para as servidoras da secretaria. \u201cEste evento reflete nosso compromisso em reconhecer e valorizar o trabalho e a dedica\u00e7\u00e3o das mulheres em nosso munic\u00edpio. A a\u00e7\u00e3o \u00e9 uma forma de homenagear todas elas, nesse caso, as servidoras da Educa\u00e7\u00e3o e oferecer um espa\u00e7o de cuidado e reflex\u00e3o\u201d.<\/p>\n\n\n\n<p>\u201cA \u201cTarde das Mulheres\u201d \u00e9 uma maneira de reconhecer a import\u00e2ncia da mulher no ambiente educacional e proporcionar um momento de valoriza\u00e7\u00e3o e bem-estar para as profissionais da educa\u00e7\u00e3o. Al\u00e9m disso, buscamos promover uma reflex\u00e3o sobre temas relevantes para o futuro e o papel da mulher nesse contexto\u201d, disse a subsecret\u00e1ria de Educa\u00e7\u00e3o, Ana Carolina Kapler.<\/p>\n","protected":false},"excerpt":{"rendered":"<p>Evento contou com palestra sobre intelig\u00eancia artificial, momentos de bem-estar e apresenta\u00e7\u00f5es culturais para homenagear<\/p>\n","protected":false},"author":2,"featured_media":101116,"comment_status":"open","ping_status":"open","sticky":false,"template":"","format":"standard","meta":{"footnotes":""},"categories":[12],"tags":[],"class_list":["post-101115","post","type-post","status-publish","format-standard","has-post-thumbnail","hentry","category-cidade"],"_links":{"self":[{"href":"https:\/\/tvc16.com\/portal\/wp-json\/wp\/v2\/posts\/101115","targetHints":{"allow":["GET"]}}],"collection":[{"href":"https:\/\/tvc16.com\/portal\/wp-json\/wp\/v2\/posts"}],"about":[{"href":"https:\/\/tvc16.com\/portal\/wp-json\/wp\/v2\/types\/post"}],"author":[{"embeddable":true,"href":"https:\/\/tvc16.com\/portal\/wp-json\/wp\/v2\/users\/2"}],"replies":[{"embeddable":true,"href":"https:\/\/tvc16.com\/portal\/wp-json\/wp\/v2\/comments?post=101115"}],"version-history":[{"count":1,"href":"https:\/\/tvc16.com\/portal\/wp-json\/wp\/v2\/posts\/101115\/revisions"}],"predecessor-version":[{"id":101117,"href":"https:\/\/tvc16.com\/portal\/wp-json\/wp\/v2\/posts\/101115\/revisions\/101117"}],"wp:featuredmedia":[{"embeddable":true,"href":"https:\/\/tvc16.com\/portal\/wp-json\/wp\/v2\/media\/101116"}],"wp:attachment":[{"href":"https:\/\/tvc16.com\/portal\/wp-json\/wp\/v2\/media?parent=101115"}],"wp:term":[{"taxonomy":"category","embeddable":true,"href":"https:\/\/tvc16.com\/portal\/wp-json\/wp\/v2\/categories?post=101115"},{"taxonomy":"post_tag","embeddable":true,"href":"https:\/\/tvc16.com\/portal\/wp-json\/wp\/v2\/tags?post=101115"}],"curies":[{"name":"wp","href":"https:\/\/api.w.org\/{rel}","templated":true}]}}