{"id":101118,"date":"2025-03-21T08:25:27","date_gmt":"2025-03-21T11:25:27","guid":{"rendered":"https:\/\/tvc16.com\/portal\/?p=101118"},"modified":"2025-03-21T08:32:35","modified_gmt":"2025-03-21T11:32:35","slug":"secretaria-de-assistencia-social-promove-servico-de-convivencia-e-fortalecimento-de-vinculos","status":"publish","type":"post","link":"https:\/\/tvc16.com\/portal\/2025\/03\/21\/secretaria-de-assistencia-social-promove-servico-de-convivencia-e-fortalecimento-de-vinculos\/","title":{"rendered":"Secretaria de Assist\u00eancia Social promove Servi\u00e7o de Conviv\u00eancia e Fortalecimento de V\u00ednculos"},"content":{"rendered":"\n<p><em>Neste m\u00eas de mar\u00e7o, um dos focos principais foi no p\u00fablico feminino<\/em><\/p>\n\n\n\n<p>Cerca de 120 mulheres participam de atividades do Servi\u00e7o de Conviv\u00eancia e Fortalecimento de V\u00ednculos (SCFV), promovido pela Secretaria de Assist\u00eancia Social nos 11 Centros de Refer\u00eancia em Assist\u00eancia Social (CRAS) do munic\u00edpio. Semanalmente, s\u00e3o realizadas diversas atividades para promover momentos de reflexos aos grupos participantes. Neste m\u00eas de mar\u00e7o, um dos focos \u00e9 o tema do empoderamento feminino, com palestras oferecidas em parceria com a OAB Petr\u00f3polis.<\/p>\n\n\n\n<p>&#8220;Nossos equipamentos de Assist\u00eancia Social est\u00e3o dispon\u00edveis para a popula\u00e7\u00e3o que estiver em vulnerabilidade e precisar de apoio. Esse trabalho feito nos CRAS junto \u00e0s mulheres tem uma relev\u00e2ncia ainda maior neste m\u00eas que \u00e9 dedicado aos assuntos femininos&#8221;, diz o prefeito Hingo Hammes.<\/p>\n\n\n\n<p>O Servi\u00e7o de Conviv\u00eancia e Fortalecimento de V\u00ednculos \u00e9 uma das pol\u00edticas do SUAS (Sistema \u00danico de Assist\u00eancia Social) e est\u00e1 alinhado ao Servi\u00e7o de Prote\u00e7\u00e3o e Atendimento Integral \u00e0s Fam\u00edlias (PAIF).<\/p>\n\n\n\n<p>Esse trabalho tem o objetivo de fortalecer rela\u00e7\u00f5es familiares e comunit\u00e1rios, abalados por variados problemas: viol\u00eancia, depress\u00e3o, desemprego, entre outros. Ao procurar um CRAS, o usu\u00e1rio recebe atendimento por assistente social ou psic\u00f3logo e podem ser direcionados para os grupos do Servi\u00e7o.<\/p>\n\n\n\n<p>&#8220;N\u00f3s temos outros grupos que fazem esse trabalho, como de adolescentes, por exemplo, na Posse e no Quitandinha. Cada pessoa que \u00e9 atendida no CRAS traz a sua realidade e a ideia \u00e9 que haja troca de experi\u00eancias para que cada um consiga se fortalecer individualmente e encontre novos la\u00e7os de vida com a comunidade&#8221;, ressalta a secret\u00e1ria de Assist\u00eancia Social, Adriana Kreischer.<\/p>\n\n\n\n<p>Cada encontro tem dura\u00e7\u00e3o entre 01h30 e duas horas. H\u00e1 atividades art\u00edsticas, culturais, l\u00fadicas, educativas, que s\u00e3o planejadas por pedagogos para um per\u00edodo de dois meses.<\/p>\n\n\n\n<p>&#8220;N\u00f3s temos todo cuidado para n\u00e3o expor a situa\u00e7\u00e3o vivida por nenhuma integrante dos grupos, mas o objetivo \u00e9 promover, a partir dessas atividades, uma reflex\u00e3o em grupo. Ent\u00e3o a \u00e9 feito um planejamento bimestral de atividades com vi\u00e9s diferente de uma semana para outra, e vamos observando se est\u00e1 dando resultado&#8221;, explica a pedagoga Fl\u00e1via do Valle, uma das coordenadoras do SCFV, ao lado da tamb\u00e9m pedagoga Jana\u00edna Borges.<\/p>\n\n\n\n<p>A participa\u00e7\u00e3o nos grupos \u00e9 volunt\u00e1ria e elas podem deixar de frequentar os encontros quando quiserem, mas na pr\u00e1tica, o resultado \u00e9 t\u00e3o positivo que muitas mulheres seguem no programa.<\/p>\n\n\n\n<p>&#8220;N\u00f3s atendemos uma mulher no CRAS do Alto da Serra que chegou com um quadro de depress\u00e3o forte, suava muito, n\u00e3o falava. Com passar do tempo, ela foi melhorando, come\u00e7ou a se comunicar e hoje continua participando. A ideia \u00e9 que o usu\u00e1rio participe enquanto precisar, se sentir que n\u00e3o precisa mais, ele pode optar em continuar com o grupo ou n\u00e3o&#8221;, explica Fl\u00e1via.<\/p>\n","protected":false},"excerpt":{"rendered":"<p>Neste m\u00eas de mar\u00e7o, um dos focos principais foi no p\u00fablico feminino Cerca de 120<\/p>\n","protected":false},"author":2,"featured_media":101120,"comment_status":"open","ping_status":"open","sticky":false,"template":"","format":"standard","meta":{"footnotes":""},"categories":[12],"tags":[],"class_list":["post-101118","post","type-post","status-publish","format-standard","has-post-thumbnail","hentry","category-cidade"],"_links":{"self":[{"href":"https:\/\/tvc16.com\/portal\/wp-json\/wp\/v2\/posts\/101118","targetHints":{"allow":["GET"]}}],"collection":[{"href":"https:\/\/tvc16.com\/portal\/wp-json\/wp\/v2\/posts"}],"about":[{"href":"https:\/\/tvc16.com\/portal\/wp-json\/wp\/v2\/types\/post"}],"author":[{"embeddable":true,"href":"https:\/\/tvc16.com\/portal\/wp-json\/wp\/v2\/users\/2"}],"replies":[{"embeddable":true,"href":"https:\/\/tvc16.com\/portal\/wp-json\/wp\/v2\/comments?post=101118"}],"version-history":[{"count":1,"href":"https:\/\/tvc16.com\/portal\/wp-json\/wp\/v2\/posts\/101118\/revisions"}],"predecessor-version":[{"id":101121,"href":"https:\/\/tvc16.com\/portal\/wp-json\/wp\/v2\/posts\/101118\/revisions\/101121"}],"wp:featuredmedia":[{"embeddable":true,"href":"https:\/\/tvc16.com\/portal\/wp-json\/wp\/v2\/media\/101120"}],"wp:attachment":[{"href":"https:\/\/tvc16.com\/portal\/wp-json\/wp\/v2\/media?parent=101118"}],"wp:term":[{"taxonomy":"category","embeddable":true,"href":"https:\/\/tvc16.com\/portal\/wp-json\/wp\/v2\/categories?post=101118"},{"taxonomy":"post_tag","embeddable":true,"href":"https:\/\/tvc16.com\/portal\/wp-json\/wp\/v2\/tags?post=101118"}],"curies":[{"name":"wp","href":"https:\/\/api.w.org\/{rel}","templated":true}]}}