{"id":101125,"date":"2025-03-21T08:30:26","date_gmt":"2025-03-21T11:30:26","guid":{"rendered":"https:\/\/tvc16.com\/portal\/?p=101125"},"modified":"2025-03-21T08:30:30","modified_gmt":"2025-03-21T11:30:30","slug":"policia-federal-destroi-mais-de-70-armas-apreendidas-em-operacoes","status":"publish","type":"post","link":"https:\/\/tvc16.com\/portal\/2025\/03\/21\/policia-federal-destroi-mais-de-70-armas-apreendidas-em-operacoes\/","title":{"rendered":"Pol\u00edcia Federal destr\u00f3i mais de 70 armas apreendidas em opera\u00e7\u00f5es"},"content":{"rendered":"\n<p><em>Elas estavam em poder do crime organizado<\/em><\/p>\n\n\n\n<p>Por Douglas Corr\u00eaa &#8211; Rep\u00f3rter da Ag\u00eancia Brasil \/ Foto: Divulga\u00e7\u00e3o\/Pol\u00edcia Federal<br><\/p>\n\n\n\n<p>A Delegacia de Repress\u00e3o a Drogas (DRE) da Pol\u00edcia Federal, realizou ontem (19) e hoje (20), no Rio de Janeiro, a destrui\u00e7\u00e3o de diversas armas &#8211; fuzis, rev\u00f3lveres e pistolas &#8211; apreendidas em opera\u00e7\u00f5es contra o crime organizado.<br><br>A a\u00e7\u00e3o contou com o apoio do Batalh\u00e3o de Manuten\u00e7\u00e3o de Suprimento de Armamento do Ex\u00e9rcito, na Vila Militar, onde o armamento foi destru\u00eddo.&nbsp;<img decoding=\"async\" src=\"https:\/\/agenciabrasil.ebc.com.br\/ebc.png?id=1635452&amp;o=node\"><img decoding=\"async\" src=\"https:\/\/agenciabrasil.ebc.com.br\/ebc.gif?id=1635452&amp;o=node\"><\/p>\n\n\n\n<p>Entre as armas destru\u00eddas est\u00e3o 49 fuzis, 15 pistolas, seis rev\u00f3lveres e uma submetralhadora, al\u00e9m de carregadores e outros equipamentos. Muitas armas s\u00e3o da apreens\u00e3o realizada durante a&nbsp;<em>Opera\u00e7\u00e3o War Dogs<\/em>, deflagrada em outubro de 2023.<\/p>\n\n\n\n<p>A Pol\u00edcia Federal deflagrou a&nbsp;<em>Opera\u00e7\u00e3o War Dogs&nbsp;<\/em>no dia 11 de outubro de 2023 para cumprir 10 mandados de busca e apreens\u00e3o no Paran\u00e1 e em Minas Gerais, em desfavor de um dos maiores fabricantes de armas do pa\u00eds.<\/p>\n\n\n\n<h2 class=\"wp-block-heading\">Pris\u00f5es<\/h2>\n\n\n\n<p>A a\u00e7\u00e3o de hoje (20) \u00e9 um desdobramento do flagrante realizado no dia anterior pela Pol\u00edcia Federal. Na ocasi\u00e3o, tr\u00eas homens foram presos com 47 fuzis e centenas de muni\u00e7\u00f5es.<\/p>\n\n\n\n<p>Ap\u00f3s o flagrante, ainda na madrugada de hoje, a PF representou pelos mandados de busca e apreens\u00e3o e pelo sequestro de bens dos presos em endere\u00e7os residenciais e de empresas vinculadas aos criminosos, no Paran\u00e1 e em Minas Gerais.<\/p>\n\n\n\n<p>Em um dos locais, onde aparentemente funcionava uma f\u00e1brica de m\u00f3veis, os policiais federais encontraram materiais, maquin\u00e1rios e caderno de anota\u00e7\u00f5es com manuais de instru\u00e7\u00e3o que indicam que o grupo criminoso realiza a fabrica\u00e7\u00e3o e montagem de fuzis em Minas Gerais.<\/p>\n\n\n\n<p>Os ind\u00edcios apontam que o armamento \u00e9 posteriormente enviado ao Rio de Janeiro, onde \u00e9 comercializado e distribu\u00eddo para criminosos que atuam em comunidades do estado.<\/p>\n\n\n\n<p>Na resid\u00eancia do principal alvo da opera\u00e7\u00e3o, os agentes apreenderam pe\u00e7as de fuzis, carregadores e muni\u00e7\u00f5es, al\u00e9m de um ve\u00edculo de luxo.<\/p>\n\n\n\n<p>O nome da opera\u00e7\u00e3o &#8211;&nbsp;<em>War Dogs &#8211;<\/em>&nbsp;faz alus\u00e3o ao filme americano de 2016 &#8211;&nbsp;<em>C\u00e3es de Guerra&nbsp;<\/em>&#8211; que retrata o tr\u00e1fico internacional de armas de fogo.<br><\/p>\n","protected":false},"excerpt":{"rendered":"<p>Elas estavam em poder do crime organizado Por Douglas Corr\u00eaa &#8211; Rep\u00f3rter da Ag\u00eancia Brasil<\/p>\n","protected":false},"author":2,"featured_media":101126,"comment_status":"open","ping_status":"open","sticky":false,"template":"","format":"standard","meta":{"footnotes":""},"categories":[17],"tags":[],"class_list":["post-101125","post","type-post","status-publish","format-standard","has-post-thumbnail","hentry","category-outras-noticias"],"_links":{"self":[{"href":"https:\/\/tvc16.com\/portal\/wp-json\/wp\/v2\/posts\/101125","targetHints":{"allow":["GET"]}}],"collection":[{"href":"https:\/\/tvc16.com\/portal\/wp-json\/wp\/v2\/posts"}],"about":[{"href":"https:\/\/tvc16.com\/portal\/wp-json\/wp\/v2\/types\/post"}],"author":[{"embeddable":true,"href":"https:\/\/tvc16.com\/portal\/wp-json\/wp\/v2\/users\/2"}],"replies":[{"embeddable":true,"href":"https:\/\/tvc16.com\/portal\/wp-json\/wp\/v2\/comments?post=101125"}],"version-history":[{"count":1,"href":"https:\/\/tvc16.com\/portal\/wp-json\/wp\/v2\/posts\/101125\/revisions"}],"predecessor-version":[{"id":101127,"href":"https:\/\/tvc16.com\/portal\/wp-json\/wp\/v2\/posts\/101125\/revisions\/101127"}],"wp:featuredmedia":[{"embeddable":true,"href":"https:\/\/tvc16.com\/portal\/wp-json\/wp\/v2\/media\/101126"}],"wp:attachment":[{"href":"https:\/\/tvc16.com\/portal\/wp-json\/wp\/v2\/media?parent=101125"}],"wp:term":[{"taxonomy":"category","embeddable":true,"href":"https:\/\/tvc16.com\/portal\/wp-json\/wp\/v2\/categories?post=101125"},{"taxonomy":"post_tag","embeddable":true,"href":"https:\/\/tvc16.com\/portal\/wp-json\/wp\/v2\/tags?post=101125"}],"curies":[{"name":"wp","href":"https:\/\/api.w.org\/{rel}","templated":true}]}}