{"id":101128,"date":"2025-03-21T08:31:54","date_gmt":"2025-03-21T11:31:54","guid":{"rendered":"https:\/\/tvc16.com\/portal\/?p=101128"},"modified":"2025-03-21T08:31:59","modified_gmt":"2025-03-21T11:31:59","slug":"brasil-tem-34-mil-mulheres-resgatadas-de-trabalho-escravo-em-10-anos","status":"publish","type":"post","link":"https:\/\/tvc16.com\/portal\/2025\/03\/21\/brasil-tem-34-mil-mulheres-resgatadas-de-trabalho-escravo-em-10-anos\/","title":{"rendered":"Brasil tem 3,4 mil mulheres resgatadas de trabalho escravo em 10 anos"},"content":{"rendered":"\n<p><em>Maioria das v\u00edtimas tinha entre 18 e 24 anos de idade<\/em><\/p>\n\n\n\n<p>Por Letycia Bond &#8211; rep\u00f3rter da Ag\u00eancia Brasil \/ Foto:  Divulga\u00e7\u00e3o MPT<\/p>\n\n\n\n<p><\/p>\n\n\n\n<p>De 2004 a 2024,&nbsp;<strong>3.413 mulheres foram resgatadas em situa\u00e7\u00f5es an\u00e1logas&nbsp;\u00e0 escravid\u00e3o ou ao trabalho escravo contempor\u00e2neo<\/strong>. Desse total, 200 foram socorridas no ano passado.<img decoding=\"async\" src=\"https:\/\/agenciabrasil.ebc.com.br\/ebc.png?id=1635456&amp;o=node\"><img decoding=\"async\" src=\"https:\/\/agenciabrasil.ebc.com.br\/ebc.gif?id=1635456&amp;o=node\"><\/p>\n\n\n\n<p>De acordo com o Observat\u00f3rio&nbsp;da Erradica\u00e7\u00e3o&nbsp;do Trabalho Escravo e do Tr\u00e1fico de Pessoas, iniciativa desenvolvida conjuntamente por entidades como o Minist\u00e9rio P\u00fablico do Trabalho (MPT) e a Organiza\u00e7\u00e3o Internacional do Trabalho (OIT), ao longo da d\u00e9cada,<strong>&nbsp;a<\/strong>&nbsp;<strong>maioria das v\u00edtimas (763) era da&nbsp;faixa et\u00e1ria de 18 a 24 anos<\/strong>. O quantitativo representa mais de um quinto do total&nbsp;(22,35%).<\/p>\n\n\n\n<p>O segundo maior grupo \u00e9 o de mulheres com idade entre 25 e 29 anos, composto por 497 v\u00edtimas (14,5%). Nos gr\u00e1ficos elaborados pelo observat\u00f3rio, constata-se que as mulheres com 60 anos ou mais e de 18 anos ou menos representam os menores grupos de v\u00edtimas.&nbsp;<\/p>\n\n\n\n<p>Em 2023, das&nbsp;222 v\u00edtimas mulheres, 74 (33,3%) tinham dois perfis: metade com idade entre 25 e 29 anos e metade na faixa et\u00e1ria de&nbsp;40 a 44, segundo o&nbsp;observat\u00f3rio da Rede de Coopera\u00e7\u00e3o SmartLab.<\/p>\n\n\n\n<p>No acumulado dos anos analisados, de 2004 a 2024,&nbsp;<strong>a quantidade de v\u00edtimas do g\u00eanero masculino \u00e9 significativamente superior, um total de 44.428<\/strong>.<\/p>\n\n\n\n<p>As estat\u00edsticas corroboram a conex\u00e3o que as pessoas com&nbsp;baixa escolaridade t\u00eam&nbsp;maior propens\u00e3o de&nbsp;ser aliciado e&nbsp;explorado por meio do trabalho escravo contempor\u00e2neo. Ao todo,&nbsp;<strong>15.976 (32,8%) v\u00edtimas, mulheres e homens,&nbsp;tinham parado os estudos na 5\u00aa s\u00e9rie do ensino fundamental<\/strong>, sem conclu\u00ed-los; e&nbsp;<strong>12.438 (25,5%) eram analfabetas<\/strong>.<\/p>\n\n\n\n<h2 class=\"wp-block-heading\">O que \u00e9 o trabalho escravo contempor\u00e2neo?<\/h2>\n\n\n\n<p>A legisla\u00e7\u00e3o brasileira atual classifica como&nbsp;<strong>trabalho an\u00e1logo \u00e0 escravid\u00e3o toda atividade for\u00e7ada &#8211; quando a pessoa \u00e9 impedida de deixar seu local de trabalho &#8211; desenvolvida sob condi\u00e7\u00f5es degradantes ou em jornadas exaustivas<\/strong>. Casos em que o&nbsp;funcion\u00e1rio \u00e9&nbsp;vigiado constantemente, de forma ostensiva, pelo patr\u00e3o tamb\u00e9m s\u00e3o considerados trabalho semelhante ao escravo.&nbsp;<br><br>De acordo com a Coordenadoria Nacional de Erradica\u00e7\u00e3o do Trabalho Escravo (Conaete), a&nbsp;<strong>jornada exaustiva \u00e9 todo expediente que, por circunst\u00e2ncias de intensidade, frequ\u00eancia ou desgaste, cause preju\u00edzos \u00e0 sa\u00fade f\u00edsica ou mental do trabalhador<\/strong>, que, vulner\u00e1vel, tem sua vontade anulada e sua dignidade atingida.<\/p>\n\n\n\n<p>J\u00e1 as&nbsp;<strong>condi\u00e7\u00f5es degradantes de trabalho s\u00e3o aquelas em que o desprezo \u00e0 dignidade da pessoa humana se instaura pela viola\u00e7\u00e3o de direitos fundamentais do trabalhador<\/strong>, em especial os referentes \u00e0&nbsp;<strong>higiene, sa\u00fade, seguran\u00e7a, moradia, ao repouso, alimenta\u00e7\u00e3o<\/strong>&nbsp;ou outros relacionados a direitos da personalidade.<br><br>Outra forma de escravid\u00e3o contempor\u00e2nea reconhecida no Brasil \u00e9 a&nbsp;<strong>servid\u00e3o por d\u00edvida, que ocorre quando o funcion\u00e1rio tem seu deslocamento restrito pelo empregador sob alega\u00e7\u00e3o de que deve pagar&nbsp;determinada quantia de dinhe<\/strong>iro.<\/p>\n\n\n\n<h2 class=\"wp-block-heading\">Como denunciar<\/h2>\n\n\n\n<p>A Comiss\u00e3o Pastoral da Terra (CPT) desenvolve, desde 1997, a&nbsp;campanha&nbsp;<a href=\"https:\/\/www.chegadeescravidao.org.br\/\" target=\"_blank\" rel=\"noreferrer noopener\">De Olho Aberto para n\u00e3o Virar Escravo<\/a>, ativa desde 1997, que distribui v\u00eddeos explicativos e tamb\u00e9m lembra os principais setores&nbsp;econ\u00f4micos em que esse tipo de crime \u00e9 praticado, como a agropecu\u00e1ria em geral. A cria\u00e7\u00e3o de bovinos, por exemplo, responde por 17.040 casos (27,1%), enquanto o cultivo da cana-de-a\u00e7\u00facar est\u00e1 ligado a 8.373 casos (13,3%), conforme dados da organiza\u00e7\u00e3o.<\/p>\n\n\n\n<p>O&nbsp;<strong>principal canal para se fazer uma den\u00fancia<\/strong>&nbsp;\u00e9 o<a href=\"https:\/\/ipe.sit.trabalho.gov.br\/#!\/\" target=\"_blank\" rel=\"noreferrer noopener\">&nbsp;Sistema Ip\u00ea<\/a>, do governo federal. As&nbsp;<strong>den\u00fancias podem ser apresentadas de forma an\u00f4nima<\/strong>, isto \u00e9, sem necessidade de&nbsp;o denunciante se identificar.<\/p>\n\n\n\n<p>Outra possibilidade \u00e9 o&nbsp;<a href=\"https:\/\/play.google.com\/store\/apps\/details?id=br.org.laudelina&amp;hl=pt_BR\" target=\"_blank\" rel=\"noreferrer noopener\">aplicativo Laudelina<\/a>, desenvolvido pela Themis &#8211; G\u00eanero, Justi\u00e7a e Direitos Humanos e a Federa\u00e7\u00e3o Nacional das Trabalhadoras Dom\u00e9sticas (Fenatrad). A ferramenta pode ser baixada no celular ou acessada por um computador, sendo que sua tecnologia permite que as&nbsp;usu\u00e1rias consigam utiliz\u00e1-la&nbsp;independentemente de&nbsp;uma conex\u00e3o de internet de alta velocidade<br><\/p>\n","protected":false},"excerpt":{"rendered":"<p>Maioria das v\u00edtimas tinha entre 18 e 24 anos de idade Por Letycia Bond &#8211;<\/p>\n","protected":false},"author":2,"featured_media":101129,"comment_status":"open","ping_status":"open","sticky":false,"template":"","format":"standard","meta":{"footnotes":""},"categories":[17],"tags":[],"class_list":["post-101128","post","type-post","status-publish","format-standard","has-post-thumbnail","hentry","category-outras-noticias"],"_links":{"self":[{"href":"https:\/\/tvc16.com\/portal\/wp-json\/wp\/v2\/posts\/101128","targetHints":{"allow":["GET"]}}],"collection":[{"href":"https:\/\/tvc16.com\/portal\/wp-json\/wp\/v2\/posts"}],"about":[{"href":"https:\/\/tvc16.com\/portal\/wp-json\/wp\/v2\/types\/post"}],"author":[{"embeddable":true,"href":"https:\/\/tvc16.com\/portal\/wp-json\/wp\/v2\/users\/2"}],"replies":[{"embeddable":true,"href":"https:\/\/tvc16.com\/portal\/wp-json\/wp\/v2\/comments?post=101128"}],"version-history":[{"count":1,"href":"https:\/\/tvc16.com\/portal\/wp-json\/wp\/v2\/posts\/101128\/revisions"}],"predecessor-version":[{"id":101130,"href":"https:\/\/tvc16.com\/portal\/wp-json\/wp\/v2\/posts\/101128\/revisions\/101130"}],"wp:featuredmedia":[{"embeddable":true,"href":"https:\/\/tvc16.com\/portal\/wp-json\/wp\/v2\/media\/101129"}],"wp:attachment":[{"href":"https:\/\/tvc16.com\/portal\/wp-json\/wp\/v2\/media?parent=101128"}],"wp:term":[{"taxonomy":"category","embeddable":true,"href":"https:\/\/tvc16.com\/portal\/wp-json\/wp\/v2\/categories?post=101128"},{"taxonomy":"post_tag","embeddable":true,"href":"https:\/\/tvc16.com\/portal\/wp-json\/wp\/v2\/tags?post=101128"}],"curies":[{"name":"wp","href":"https:\/\/api.w.org\/{rel}","templated":true}]}}