{"id":101134,"date":"2025-03-21T08:35:26","date_gmt":"2025-03-21T11:35:26","guid":{"rendered":"https:\/\/tvc16.com\/portal\/?p=101134"},"modified":"2025-03-21T09:12:46","modified_gmt":"2025-03-21T12:12:46","slug":"depois-de-morte-de-turista-no-cristo-icmbio-anuncia-uti-movel-e-obras","status":"publish","type":"post","link":"https:\/\/tvc16.com\/portal\/2025\/03\/21\/depois-de-morte-de-turista-no-cristo-icmbio-anuncia-uti-movel-e-obras\/","title":{"rendered":"Depois de morte de turista no Cristo, ICMBio anuncia UTI M\u00f3vel e obras"},"content":{"rendered":"\n<p><em>Homem de 54 anos passou mal; fam\u00edlia diz que posto estava fechado<\/em><\/p>\n\n\n\n<p>Por Rafael Cardoso &#8211; Rep\u00f3rter da Ag\u00eancia Brasil \/ Foto: Acervo\/ Parque Nacional da Tijuca<\/p>\n\n\n\n<p><\/p>\n\n\n\n<p>O&nbsp;<strong>Instituto Chico Mendes de Conserva\u00e7\u00e3o e Biodiversidade (ICMBio) apresentou<\/strong>&nbsp;nesta quinta-feira&nbsp;(20)&nbsp;<strong>detalhes sobre as obras de moderniza\u00e7\u00e3o da estrutura do Alto Corcovado<\/strong>, no Parque Nacional da Tijuca, onde fica o Cristo Redentor. Tamb\u00e9m&nbsp;<strong>confirmou a instala\u00e7\u00e3o&nbsp;de uma ambul\u00e2ncia do tipo UTI M\u00f3vel para atender os visitantes<\/strong>. O servi\u00e7o&nbsp;funcionar\u00e1 todos os dias, das 7h \u00e0s 19h.<img decoding=\"async\" src=\"https:\/\/agenciabrasil.ebc.com.br\/ebc.png?id=1635462&amp;o=node\"><img decoding=\"async\" src=\"https:\/\/agenciabrasil.ebc.com.br\/ebc.gif?id=1635462&amp;o=node\"><\/p>\n\n\n\n<p>A medida ocorre dias&nbsp;<a href=\"https:\/\/agenciabrasil.ebc.com.br\/geral\/noticia\/2025-03\/cristo-redentor-reabre-ao-publico-depois-de-morte-de-turista\" target=\"_blank\" rel=\"noreferrer noopener\">depois da morte de um turista, em decorr\u00eancia de infarto, nas escadarias do monumento<\/a>.<\/p>\n\n\n\n<p>A&nbsp;<strong>fam\u00edlia da v\u00edtima<\/strong>, o ga\u00facho Jorge Alex Duarte, 54 anos,&nbsp;<strong>denuncia que o posto de atendimento m\u00e9dico do Corcovado estava fechado quando o turista passou ma<\/strong>l.<\/p>\n\n\n\n<p>\u201cA demanda pela ambul\u00e2ncia ficou bastante evidente nesses \u00faltimos dias. Mas queria esclarecer que, no hist\u00f3rico do Parque Nacional, nunca ocorreu a perda de uma pessoa. Em novembro do ano passado, por exemplo, tivemos 100 mil visitantes. Em torno de 54 pessoas demandaram atendimento no posto de primeiros socorros, e n\u00e3o houve nenhuma necessidade de retirada dessas pessoas da \u00e1rea\u201d, disse o presidente do ICMBio, Mauro Pires.<\/p>\n\n\n\n<p>Segundo o ICMBio,&nbsp;<strong>a concession\u00e1ria Trem do Corcovado<\/strong>, que administra um dos meios de transporte at\u00e9 o Cristo Redentor,&nbsp;<strong>\u00e9 respons\u00e1vel por manter o posto de primeiros socorros no Alto Corcovado<\/strong>. Por contrato, vigente desde 2014,&nbsp;<strong>o local deve funcionar durante todo o hor\u00e1rio de visita\u00e7\u00e3o, atualmente entre 7h e 19h<\/strong>, com uma equipe m\u00ednima de dois socorristas.<\/p>\n\n\n\n<p>\u201cPapel do ICMBio nesse caso \u00e9 de acompanhar, sim, o fornecimento de todos os servi\u00e7os prestados em contrato. E fazemos isso periodicamente. Esse modelo de contrato vem funcionando bem\u201d, disse o presidente da autarquia.<\/p>\n\n\n\n<blockquote class=\"wp-block-quote is-layout-flow wp-block-quote-is-layout-flow\">\n<p>\u201cEm raz\u00e3o do ocorrido, o ICMBio est\u00e1 investigando com muito cuidado essa situa\u00e7\u00e3o, ver como foi a din\u00e2mica do ocorrido, e entender como que tudo se desenvolveu, para depois apresentar um relat\u00f3rio completo sobre esse epis\u00f3dio. N\u00e3o estamos aqui para jogar responsabilidade para ningu\u00e9m. N\u00e3o se trata disso. \u00c9 algo que atinge todos n\u00f3s envolvidos: ICMBio, administra\u00e7\u00e3o do parque e as empresas. E queremos esclarecer e evitar que coisas assim voltem a acontecer\u201d.<\/p>\n<\/blockquote>\n\n\n\n<h2 class=\"wp-block-heading\">Investimentos em melhorias<\/h2>\n\n\n\n<p>O ICMBio apresentou atualiza\u00e7\u00f5es sobre o plano de investimentos de R$ 75 milh\u00f5es no Parque Nacional, anunciado em dezembro de 2024.<\/p>\n\n\n\n<p>Hoje,&nbsp;<strong>foi assinado o contrato de moderniza\u00e7\u00e3o dos elevadores com a empresa Otis<\/strong>. Tr\u00eas equipamentos ser\u00e3o trocados por elevadores mais modernos e eficientes energeticamente. A previs\u00e3o \u00e9 que estejam em funcionamento em at\u00e9 10 meses.<\/p>\n\n\n\n<p>A revitaliza\u00e7\u00e3o e as obras de&nbsp;acessibilidade ser\u00e3o feitas em duas fases. A primeira, que j\u00e1 est\u00e1 em execu\u00e7\u00e3o, inclui a aplica\u00e7\u00e3o de R$ 12,2 milh\u00f5es em acessibilidade. Ser\u00e1 necess\u00e1ria uma pausa no ver\u00e3o, entre dezembro de 2025 e fevereiro de 2026, que \u00e9 o per\u00edodo de maior movimenta\u00e7\u00e3o no ponto tur\u00edstico.<\/p>\n\n\n\n<p>A&nbsp;<strong>previs\u00e3o \u00e9 que a parte superior do Alto Corcovado esteja totalmente pronta para o ver\u00e3o de 2026\/2027<\/strong>.<\/p>\n\n\n\n<p>A segunda fase, prevista para ocorrer entre 2027 e 2029, inclui todas as obras de melhoria da parte inferior do plat\u00f4 do Alto Corcovado. Isso abrange os pontos de embarque e desembarque do trem do Corcovado e das vans Paineiras-Corcovado, instala\u00e7\u00f5es de novos banheiros e de espa\u00e7os de servi\u00e7os para o atendimento ao p\u00fablico.<\/p>\n\n\n\n<p>Entre outras mudan\u00e7as,&nbsp;<strong>est\u00e3o previstos um novo espa\u00e7o de alimenta\u00e7\u00e3o, novo mirante com vista panor\u00e2mica do Rio de Janeiro, novo elevador conectando visitantes com defici\u00eancia entre os andares onde est\u00e3o as lojinhas do Corcovado, escadas rolantes novas e com plano inclinado autom\u00e1tico acoplado \u00e0s escadas e quatro ilhas de hidrata\u00e7\u00e3o<\/strong>.<br><\/p>\n","protected":false},"excerpt":{"rendered":"<p>Homem de 54 anos passou mal; fam\u00edlia diz que posto estava fechado Por Rafael Cardoso<\/p>\n","protected":false},"author":2,"featured_media":101135,"comment_status":"open","ping_status":"open","sticky":false,"template":"","format":"standard","meta":{"footnotes":""},"categories":[17],"tags":[],"class_list":["post-101134","post","type-post","status-publish","format-standard","has-post-thumbnail","hentry","category-outras-noticias"],"_links":{"self":[{"href":"https:\/\/tvc16.com\/portal\/wp-json\/wp\/v2\/posts\/101134","targetHints":{"allow":["GET"]}}],"collection":[{"href":"https:\/\/tvc16.com\/portal\/wp-json\/wp\/v2\/posts"}],"about":[{"href":"https:\/\/tvc16.com\/portal\/wp-json\/wp\/v2\/types\/post"}],"author":[{"embeddable":true,"href":"https:\/\/tvc16.com\/portal\/wp-json\/wp\/v2\/users\/2"}],"replies":[{"embeddable":true,"href":"https:\/\/tvc16.com\/portal\/wp-json\/wp\/v2\/comments?post=101134"}],"version-history":[{"count":2,"href":"https:\/\/tvc16.com\/portal\/wp-json\/wp\/v2\/posts\/101134\/revisions"}],"predecessor-version":[{"id":101151,"href":"https:\/\/tvc16.com\/portal\/wp-json\/wp\/v2\/posts\/101134\/revisions\/101151"}],"wp:featuredmedia":[{"embeddable":true,"href":"https:\/\/tvc16.com\/portal\/wp-json\/wp\/v2\/media\/101135"}],"wp:attachment":[{"href":"https:\/\/tvc16.com\/portal\/wp-json\/wp\/v2\/media?parent=101134"}],"wp:term":[{"taxonomy":"category","embeddable":true,"href":"https:\/\/tvc16.com\/portal\/wp-json\/wp\/v2\/categories?post=101134"},{"taxonomy":"post_tag","embeddable":true,"href":"https:\/\/tvc16.com\/portal\/wp-json\/wp\/v2\/tags?post=101134"}],"curies":[{"name":"wp","href":"https:\/\/api.w.org\/{rel}","templated":true}]}}