{"id":101145,"date":"2025-03-21T08:49:18","date_gmt":"2025-03-21T11:49:18","guid":{"rendered":"https:\/\/tvc16.com\/portal\/?p=101145"},"modified":"2025-03-21T08:49:21","modified_gmt":"2025-03-21T11:49:21","slug":"empresas-e-organizacoes-lancam-movimento-violencia-sexual-zero","status":"publish","type":"post","link":"https:\/\/tvc16.com\/portal\/2025\/03\/21\/empresas-e-organizacoes-lancam-movimento-violencia-sexual-zero\/","title":{"rendered":"Empresas e organiza\u00e7\u00f5es lan\u00e7am Movimento Viol\u00eancia Sexual Zero"},"content":{"rendered":"\n<p><em>Campanha alerta contra abusos a crian\u00e7as e adolescentes<\/em><\/p>\n\n\n\n<p>Por Fl\u00e1via Albuquerque &#8211; rep\u00f3rter da Ag\u00eancia Brasil \/ Foto: Fl\u00e1via Albuquerque &#8211; rep\u00f3rter da Ag\u00eancia Brasil<br><\/p>\n\n\n\n<p>Um grupo de 80 empresas e organiza\u00e7\u00f5es da sociedade civil lan\u00e7a nesta quinta-feira (20) o Movimento Viol\u00eancia Sexual Zero, com o objetivo de mobilizar e conscientizar a popula\u00e7\u00e3o para o enfrentamento \u00e0 viol\u00eancia sexual contra crian\u00e7as e adolescentes. A iniciativa surge como resposta ao fato de que&nbsp;<strong>oito crian\u00e7as e adolescentes s\u00e3o v\u00edtimas de viol\u00eancia sexual a cada hora no Brasil<\/strong>, sem que a grande maioria desses casos seja&nbsp;denunciada. A proposta do movimento \u00e9 a de distribuir materiais educativos para colaboradores das empresas participantes, fortalecendo a preven\u00e7\u00e3o e o enfrentamento a essa realidade.<img decoding=\"async\" src=\"https:\/\/agenciabrasil.ebc.com.br\/ebc.png?id=1635180&amp;o=node\"><img decoding=\"async\" src=\"https:\/\/agenciabrasil.ebc.com.br\/ebc.gif?id=1635180&amp;o=node\"><\/p>\n\n\n\n<p>Para chamar a aten\u00e7\u00e3o sobre o tema, uma das empresas participantes manter\u00e1 durante tr\u00eas dias uma \u201cLoja de Inconveni\u00eancia\u201d, na \u00e1rea externa do Shopping Cidade S\u00e3o Paulo, na Avenida Paulista. O espa\u00e7o tem&nbsp;uma experi\u00eancia imersiva, aberta ao p\u00fablico, para expor dados alarmantes sobre viol\u00eancia sexual de crian\u00e7as e adolescentes no Brasil.<\/p>\n\n\n\n<p>O nome \u00e9 uma refer\u00eancia \u00e0s tradicionais loja de conveni\u00eancia dos postos de combust\u00edveis, mas n\u00e3o ter\u00e1 em suas prateleiras produtos que facilitam a rotina. Em vez disso, o p\u00fablico ser\u00e1 confrontado com um circuito visual e sensorial que exp\u00f5e dados reais sobre a viol\u00eancia sexual contra crian\u00e7as e adolescentes. O objetivo \u00e9 o de alertar para a gravidade do problema e incentivar as den\u00fancias.<\/p>\n\n\n\n<figure class=\"wp-block-image\"><img decoding=\"async\" src=\"https:\/\/imagens.ebc.com.br\/kTzUu-JG1Ei4nlyAlNlXM_VIgPw=\/754x0\/smart\/https:\/\/agenciabrasil.ebc.com.br\/sites\/default\/files\/thumbnails\/image\/2025\/03\/20\/0g0a1754.jpg?itok=f13Xan7f\" alt=\"S\u00e3o Paulo (SP), 20\/03\/2025 - Instala\u00e7\u00e3o Loja de inconveni\u00eancia, que aborda o combate ao abuso sexual de crian\u00e7as e adolescentes, na Avenida Paulista. Foto: Rovena Rosa\/Ag\u00eancia Brasil\" title=\"Rovena Rosa\/Ag\u00eancia Brasil\"\/><\/figure>\n\n\n\n<h6 class=\"wp-block-heading\">Instala\u00e7\u00e3o Loja de inconveni\u00eancia, que aborda o combate ao abuso sexual de crian\u00e7as e adolescentes, na Avenida Paulista.&nbsp;<strong>Rovena Rosa\/Ag\u00eancia Brasil<\/strong><\/h6>\n\n\n\n<p>Segundo a organiza\u00e7\u00e3o, prateleiras, embalagens, mostru\u00e1rios e funcion\u00e1rios contar\u00e3o&nbsp;o impacto do abuso e explora\u00e7\u00e3o sexual de crian\u00e7as e adolescentes. Na se\u00e7\u00e3o de mercearia, por exemplo, um pacote de pano de ch\u00e3o traz a mensagem: \u201cN\u00e3o passe pano para parentes. 71,5% dos casos de viol\u00eancia sexual s\u00e3o cometidos por pessoas pr\u00f3ximas\u201d.<\/p>\n\n\n\n<p>Em toda a loja, os visitantes ter\u00e3o contato com n\u00fameros e incentivos \u00e0s den\u00fancias. No caixa, em vez de uma compra, o p\u00fablico recebe um &#8220;recibo&#8221; com a conta dessa realidade, que se refere aos efeitos psicol\u00f3gicos e sociais da viol\u00eancia sexual, como depress\u00e3o, ansiedade e transtornos alimentares.<\/p>\n\n\n\n<figure class=\"wp-block-image\"><img decoding=\"async\" src=\"https:\/\/imagens.ebc.com.br\/eYiM6g_tYDYpKliOg2VvFvGWzio=\/754x0\/smart\/https:\/\/agenciabrasil.ebc.com.br\/sites\/default\/files\/thumbnails\/image\/2025\/03\/20\/0g0a1603.jpg?itok=A82PNiwy\" alt=\"S\u00e3o Paulo (SP), 20\/03\/2025 - Instala\u00e7\u00e3o Loja de inconveni\u00eancia, que aborda o combate ao abuso sexual de crian\u00e7as e adolescentes, na Avenida Paulista. Foto: Rovena Rosa\/Ag\u00eancia Brasil\" title=\"Rovena Rosa\/Ag\u00eancia Brasil\"\/><\/figure>\n\n\n\n<h6 class=\"wp-block-heading\">Instala\u00e7\u00e3o Loja de inconveni\u00eancia, que aborda o combate ao abuso sexual de crian\u00e7as e adolescentes, na Avenida Paulista.&nbsp;<strong>Rovena Rosa\/Ag\u00eancia Brasil<\/strong><\/h6>\n\n\n\n<h2 class=\"wp-block-heading\">Participa\u00e7\u00e3o das empresas<\/h2>\n\n\n\n<p>Para o CEO da Vibra, Ernesto Pousada, participa\u00e7\u00e3o das empresas no Movimento Viol\u00eancia Sexual Zero \u00e9 crucial porque elas t\u00eam um alcance significativo e podem influenciar um grande n\u00famero de pessoas, incluindo colaboradores, clientes e comunidades onde atuam.<\/p>\n\n\n\n<p>\u201cAo se engajarem nessa causa, elas ajudam a ampliar a conscientiza\u00e7\u00e3o sobre a viol\u00eancia sexual contra crian\u00e7as e adolescentes, um problema totalmente invisibilizado. Al\u00e9m disso, as empresas podem contribuir com recursos financeiros, expertise e infraestrutura para promover a\u00e7\u00f5es efetivas de preven\u00e7\u00e3o e enfrentamento\u201d, ressaltou Pousada.<\/p>\n\n\n\n<p>O Movimento Viol\u00eancia Sexual Zero conta com o apoio do Childhood Brasil (La\u00eds Peretto, diretora executiva), Grupo Mulheres do Brasil (Luiza Trajano, presidente), Instituto Liberta e Vibra (Ernesto Pousada, CEO).<\/p>\n\n\n\n<figure class=\"wp-block-image\"><img decoding=\"async\" src=\"https:\/\/imagens.ebc.com.br\/YXxMBD9L1OYvheg7WTMRJZ8u-xE=\/754x0\/smart\/https:\/\/agenciabrasil.ebc.com.br\/sites\/default\/files\/thumbnails\/image\/2025\/03\/20\/0g0a1685.jpg?itok=aj1YYvsl\" alt=\"S\u00e3o Paulo (SP), 20\/03\/2025 - Instala\u00e7\u00e3o Loja de inconveni\u00eancia, que aborda o combate ao abuso sexual de crian\u00e7as e adolescentes, na Avenida Paulista. Foto: Rovena Rosa\/Ag\u00eancia Brasil\" title=\"Rovena Rosa\/Ag\u00eancia Brasil\"\/><\/figure>\n\n\n\n<h6 class=\"wp-block-heading\">Instala\u00e7\u00e3o Loja de inconveni\u00eancia, que aborda o combate ao abuso sexual de crian\u00e7as e adolescentes, na Avenida Paulista.&nbsp;<strong>Rovena Rosa\/Ag\u00eancia Brasil<\/strong><\/h6>\n","protected":false},"excerpt":{"rendered":"<p>Campanha alerta contra abusos a crian\u00e7as e adolescentes Por Fl\u00e1via Albuquerque &#8211; rep\u00f3rter da Ag\u00eancia<\/p>\n","protected":false},"author":2,"featured_media":101146,"comment_status":"open","ping_status":"open","sticky":false,"template":"","format":"standard","meta":{"footnotes":""},"categories":[17],"tags":[],"class_list":["post-101145","post","type-post","status-publish","format-standard","has-post-thumbnail","hentry","category-outras-noticias"],"_links":{"self":[{"href":"https:\/\/tvc16.com\/portal\/wp-json\/wp\/v2\/posts\/101145","targetHints":{"allow":["GET"]}}],"collection":[{"href":"https:\/\/tvc16.com\/portal\/wp-json\/wp\/v2\/posts"}],"about":[{"href":"https:\/\/tvc16.com\/portal\/wp-json\/wp\/v2\/types\/post"}],"author":[{"embeddable":true,"href":"https:\/\/tvc16.com\/portal\/wp-json\/wp\/v2\/users\/2"}],"replies":[{"embeddable":true,"href":"https:\/\/tvc16.com\/portal\/wp-json\/wp\/v2\/comments?post=101145"}],"version-history":[{"count":1,"href":"https:\/\/tvc16.com\/portal\/wp-json\/wp\/v2\/posts\/101145\/revisions"}],"predecessor-version":[{"id":101147,"href":"https:\/\/tvc16.com\/portal\/wp-json\/wp\/v2\/posts\/101145\/revisions\/101147"}],"wp:featuredmedia":[{"embeddable":true,"href":"https:\/\/tvc16.com\/portal\/wp-json\/wp\/v2\/media\/101146"}],"wp:attachment":[{"href":"https:\/\/tvc16.com\/portal\/wp-json\/wp\/v2\/media?parent=101145"}],"wp:term":[{"taxonomy":"category","embeddable":true,"href":"https:\/\/tvc16.com\/portal\/wp-json\/wp\/v2\/categories?post=101145"},{"taxonomy":"post_tag","embeddable":true,"href":"https:\/\/tvc16.com\/portal\/wp-json\/wp\/v2\/tags?post=101145"}],"curies":[{"name":"wp","href":"https:\/\/api.w.org\/{rel}","templated":true}]}}