{"id":101160,"date":"2025-03-22T05:00:00","date_gmt":"2025-03-22T08:00:00","guid":{"rendered":"https:\/\/tvc16.com\/portal\/?p=101160"},"modified":"2025-03-21T15:39:56","modified_gmt":"2025-03-21T18:39:56","slug":"hpv-como-a-desinformacao-e-as-barreiras-sociais-impactam-a-prevencao","status":"publish","type":"post","link":"https:\/\/tvc16.com\/portal\/2025\/03\/22\/hpv-como-a-desinformacao-e-as-barreiras-sociais-impactam-a-prevencao\/","title":{"rendered":"HPV: como a desinforma\u00e7\u00e3o e as barreiras sociais impactam a preven\u00e7\u00e3o?"},"content":{"rendered":"\n<p>O m\u00eas de mar\u00e7o marca o per\u00edodo de conscientiza\u00e7\u00e3o sobre o Papilomav\u00edrus Humano (HPV). Destacar a import\u00e2ncia da preven\u00e7\u00e3o, diagn\u00f3stico precoce e tratamento adequado das infec\u00e7\u00f5es por HPV \u00e9 importante, sobretudo para quem n\u00e3o se protegeu durante o Carnaval.<\/p>\n\n\n\n<p>No Brasil, o cen\u00e1rio \u00e9 preocupante. O Instituto Butantan, estima que 9 em 10 milh\u00f5es de pessoas estejam infectadas pelo v\u00edrus, com aproximadamente 700 mil novos casos surgindo anualmente. Um estudo nacional encomendado pelo Minist\u00e9rio da Sa\u00fade revelou tamb\u00e9m que a taxa de infec\u00e7\u00e3o genital por HPV de alto risco atinge 54,4% das mulheres sexualmente ativas e 41,6% dos homens.<\/p>\n\n\n\n<p>O biom\u00e9dico e professor da Est\u00e1cio, Abel Melo, destaca que esses n\u00fameros refletem um comportamento da sociedade. \u201cA elevada preval\u00eancia do HPV no Brasil est\u00e1 intrinsecamente ligada a fatores sociais e culturais. Pr\u00e1ticas como o in\u00edcio precoce da vida sexual, m\u00faltiplos parceiros e a falta de utiliza\u00e7\u00e3o de preservativos afetam significativamente a propaga\u00e7\u00e3o do v\u00edrus. Al\u00e9m disso, barreiras socioecon\u00f4micas, culturais e o tabu sobre a vida sexual, podem limitar o acesso a informa\u00e7\u00f5es e servi\u00e7os de sa\u00fade, dificultando a preven\u00e7\u00e3o e o tratamento adequado\u201d, explica o docente.<\/p>\n\n\n\n<p>Abel comenta que a preocupa\u00e7\u00e3o sobre as infec\u00e7\u00f5es aumenta quando relacionado com o p\u00fablico feminino. \u201cA alta preval\u00eancia do HPV no Brasil \u00e9 alarmante, especialmente considerando sua associa\u00e7\u00e3o direta com diversos tipos de c\u00e2ncer, como o colo do \u00fatero, que representa cerca de 90% dos casos relacionados ao v\u00edrus\u201d, indica.<\/p>\n\n\n\n<p>O biom\u00e9dico revela que, na maioria das vezes, a infec\u00e7\u00e3o pelo HPV \u00e9 assintom\u00e1tica, o que dificulta o diagn\u00f3stico precoce. \u201cQuando presentes, os sintomas podem incluir verrugas na regi\u00e3o genital, anal ou oral, conhecidas popularmente como &#8216;crista de galo&#8217;. Essas les\u00f5es podem variar em tamanho e forma, sendo geralmente indolores, mas potencialmente causadoras de desconforto f\u00edsico\u201d, orienta.<\/p>\n\n\n\n<p>Preven\u00e7\u00e3o e Conscientiza\u00e7\u00e3o<\/p>\n\n\n\n<p>O enfermeiro e professor do IDOMED, Bruno Ximenes, enfatiza a import\u00e2ncia da vacina\u00e7\u00e3o como principal medida preventiva contra o HPV. \u201cA vacina quadrivalente, dispon\u00edvel gratuitamente no Sistema \u00danico de Sa\u00fade (SUS), protege contra os tipos mais comuns e oncog\u00eanicos do v\u00edrus. \u00c9 fundamental que a popula\u00e7\u00e3o-alvo, especialmente os adolescentes antes do in\u00edcio da vida sexual, seja imunizada para reduzir a incid\u00eancia de infec\u00e7\u00f5es e, consequentemente, de c\u00e2nceres associados\u201d, cita.<\/p>\n\n\n\n<p>Al\u00e9m da vacina\u00e7\u00e3o, o m\u00e9dico ressalta a necessidade de pr\u00e1ticas sexuais seguras e do uso consistente de preservativos, que, embora n\u00e3o ofere\u00e7am prote\u00e7\u00e3o absoluta, refor\u00e7a significativamente o risco de transmiss\u00e3o. \u201cA conscientiza\u00e7\u00e3o sobre o HPV deve ser cont\u00ednua, abrangendo desde campanhas educativas at\u00e9 a inclus\u00e3o do tema em curr\u00edculos escolares, desmistificando preconceitos e incentivando o di\u00e1logo aberto sobre sa\u00fade sexual\u201d, indica o docente.<\/p>\n\n\n\n<p>Em 2024, o Sistema \u00danico de Sa\u00fade (SUS) incorporou a tecnologia de testagem molecular para detec\u00e7\u00e3o do HPV e rastreamento do c\u00e2ncer de colo do \u00fatero, um avan\u00e7o significativo na sa\u00fade p\u00fablica. \u201cEssa nova estrat\u00e9gia permite um diagn\u00f3stico mais r\u00e1pido e preciso da doen\u00e7a, aumentando a efic\u00e1cia na detec\u00e7\u00e3o precoce. Al\u00e9m disso, o teste de DNA-HPV possibilita ampliar o intervalo entre os exames, passando de tr\u00eas para cinco anos, o que melhora a ades\u00e3o e o acesso ao rastreamento\u201d, indica o enfermeiro.<\/p>\n\n\n\n<p>Estudos publicados na revista Nature mostram que essa nova abordagem pode antecipar o diagn\u00f3stico do c\u00e2ncer de colo do \u00fatero em at\u00e9 dez anos em compara\u00e7\u00e3o ao exame de citologia convencional, como o Papanicolau. Diante da alta taxa de mortalidade associada \u00e0 doen\u00e7a, essa medida representa um avan\u00e7o essencial para a meta do Minist\u00e9rio da Sa\u00fade de erradicar o HPV como problema de sa\u00fade p\u00fablica no Brasil.<\/p>\n\n\n\n<p>Import\u00e2ncia do Diagn\u00f3stico Precoce<\/p>\n\n\n\n<p>O diagn\u00f3stico precoce \u00e9 fundamental para o combate eficaz das infec\u00e7\u00f5es por HPV e preven\u00e7\u00e3o de complica\u00e7\u00f5es mais graves. \u201cAs mulheres devem realizar regularmente o exame de Papanicolau, que detecta altera\u00e7\u00f5es celulares no colo do \u00fatero indicativas de infec\u00e7\u00e3o pelo HPV. Os homens, embora n\u00e3o possuam um exame espec\u00edfico de rastreamento, devem estar atentos a quaisquer les\u00f5es ou altera\u00e7\u00f5es na regi\u00e3o genital e procurar atendimento m\u00e9dico ao menor sinal de anormalidade\u201d, orienta.<\/p>\n\n\n\n<p>Os dados refor\u00e7am a urg\u00eancia de a\u00e7\u00f5es coordenadas entre governo, profissionais de sa\u00fade e sociedade para combater a propaga\u00e7\u00e3o do HPV. \u201cInvestir em educa\u00e7\u00e3o, ampliar a cobertura vacinal e facilitar o acesso a exames diagn\u00f3sticos s\u00e3o passos essenciais para revertermos esse quadro e garantirmos uma popula\u00e7\u00e3o mais saud\u00e1vel\u201d, conclui.<\/p>\n\n\n\n<p>Foto: divulga\u00e7\u00e3o <\/p>\n","protected":false},"excerpt":{"rendered":"<p>O m\u00eas de mar\u00e7o marca o per\u00edodo de conscientiza\u00e7\u00e3o sobre o Papilomav\u00edrus Humano (HPV). Destacar<\/p>\n","protected":false},"author":2,"featured_media":101161,"comment_status":"open","ping_status":"open","sticky":false,"template":"","format":"standard","meta":{"footnotes":""},"categories":[17],"tags":[],"class_list":["post-101160","post","type-post","status-publish","format-standard","has-post-thumbnail","hentry","category-outras-noticias"],"_links":{"self":[{"href":"https:\/\/tvc16.com\/portal\/wp-json\/wp\/v2\/posts\/101160","targetHints":{"allow":["GET"]}}],"collection":[{"href":"https:\/\/tvc16.com\/portal\/wp-json\/wp\/v2\/posts"}],"about":[{"href":"https:\/\/tvc16.com\/portal\/wp-json\/wp\/v2\/types\/post"}],"author":[{"embeddable":true,"href":"https:\/\/tvc16.com\/portal\/wp-json\/wp\/v2\/users\/2"}],"replies":[{"embeddable":true,"href":"https:\/\/tvc16.com\/portal\/wp-json\/wp\/v2\/comments?post=101160"}],"version-history":[{"count":1,"href":"https:\/\/tvc16.com\/portal\/wp-json\/wp\/v2\/posts\/101160\/revisions"}],"predecessor-version":[{"id":101162,"href":"https:\/\/tvc16.com\/portal\/wp-json\/wp\/v2\/posts\/101160\/revisions\/101162"}],"wp:featuredmedia":[{"embeddable":true,"href":"https:\/\/tvc16.com\/portal\/wp-json\/wp\/v2\/media\/101161"}],"wp:attachment":[{"href":"https:\/\/tvc16.com\/portal\/wp-json\/wp\/v2\/media?parent=101160"}],"wp:term":[{"taxonomy":"category","embeddable":true,"href":"https:\/\/tvc16.com\/portal\/wp-json\/wp\/v2\/categories?post=101160"},{"taxonomy":"post_tag","embeddable":true,"href":"https:\/\/tvc16.com\/portal\/wp-json\/wp\/v2\/tags?post=101160"}],"curies":[{"name":"wp","href":"https:\/\/api.w.org\/{rel}","templated":true}]}}