{"id":101163,"date":"2025-03-23T05:00:00","date_gmt":"2025-03-23T08:00:00","guid":{"rendered":"https:\/\/tvc16.com\/portal\/?p=101163"},"modified":"2025-03-21T15:49:54","modified_gmt":"2025-03-21T18:49:54","slug":"estacao-jaqueira-e-indicada-ao-premio-guerra-peixe-pela-segunda-vez","status":"publish","type":"post","link":"https:\/\/tvc16.com\/portal\/2025\/03\/23\/estacao-jaqueira-e-indicada-ao-premio-guerra-peixe-pela-segunda-vez\/","title":{"rendered":"Esta\u00e7\u00e3o Jaqueira \u00e9 indicada ao Pr\u00eamio Guerra-Peixe pela segunda vez"},"content":{"rendered":"\n<p>A Esta\u00e7\u00e3o Jaqueira, situada no Vale do Cuiab\u00e1, em Petr\u00f3polis, foi indicada pela segunda vez ao Pr\u00eamio Maestro Guerra-Peixe, a premia\u00e7\u00e3o mais importante no segmento de cultura do interior do estado. Criado em 2009 pela Prefeitura de Petr\u00f3polis e pela Funda\u00e7\u00e3o de Cultura e Turismo, o pr\u00eamio homenageia os principais agentes culturais da cidade e celebra o legado do maestro e compositor C\u00e9sar Guerra-Peixe, uma das figuras mais importantes da m\u00fasica brasileira do s\u00e9culo XX.<\/p>\n\n\n\n<p>Na 14\u00aa edi\u00e7\u00e3o da premia\u00e7\u00e3o, a Esta\u00e7\u00e3o Jaqueira foi indicada na categoria \u201cArtes Visuais\u201d com a exposi\u00e7\u00e3o \u201cAteli\u00ea Arte Lavrinha\u201d, que destaca a produ\u00e7\u00e3o art\u00edstica de pessoas com defici\u00eancia (PCDs) do ateli\u00ea hom\u00f4nimo, localizado na Serra da Mantiqueira, em Minas Gerais. Os artistas que participam da exposi\u00e7\u00e3o s\u00e3o Francisco Laurentino da Cunha (o Catita), Ivanir de Carvalho Silva, Maria Aparecida da Silva (Cida), Rosineia da Silva e Luciano Amaral Capistrano. \u201c\u00c9 a segunda vez que somos indicados a este pr\u00eamio t\u00e3o importante, e acredito que todo o esfor\u00e7o realizado est\u00e1 bem representado n\u00e3o s\u00f3 por esta mostra, mas por todos os projetos do Espa\u00e7o Jaqueira\u201d, comenta Nietta Monte, idealizadora do espa\u00e7o cultural e curadora da exposi\u00e7\u00e3o, ao lado de Carlos Feij\u00f3 e Deni Cl\u00e1udio.<\/p>\n\n\n\n<p>Este ano, a Esta\u00e7\u00e3o Jaqueira tem mais um motivo para comemorar: concorrem ao pr\u00eamio artistas parceiros do espa\u00e7o, como Camilo Moreira, com a exposi\u00e7\u00e3o \u201cCriando e Perpetuando Objetos\u201d, e Claudia Schloemann, facilitadora do curso de pintura, com a \u201cExposi\u00e7\u00e3o IMAGO\u201d. \u201cGosto de dizer que n\u00e3o estamos concorrendo, pois somos todos grandes amigos e parceiros. A Esta\u00e7\u00e3o Jaqueira est\u00e1 se firmando como um polo importante de artistas aqui em Petr\u00f3polis. Estamos todos muito felizes com esse reconhecimento\u201d, afirma Feij\u00f3, co-curador da mostra.<\/p>\n\n\n\n<p>A exposi\u00e7\u00e3o Ateli\u00ea Arte Lavrinha segue em cartaz at\u00e9 25 de maio, com entrada gratuita. As visitas podem ser feitas aos s\u00e1bados, mediante agendamento, das 11h \u00e0s 13h.<\/p>\n\n\n\n<p>A data e o local da solenidade de entrega do pr\u00eamio, quando ser\u00e3o divulgados os vencedores em cada categoria, ainda ser\u00e3o anunciados. Para conhecer todos os indicados ao Pr\u00eamio Maestro Guerra-Peixe 2025, acesse: https:\/\/www.petropolis.rj.gov.br\/pmp\/index.php\/noticias\/item\/22130-confira-a-lista-dos-indicados-ao-premio-maestro-guerra-peixe-2025<\/p>\n\n\n\n<p>Mais sobre a exposi\u00e7\u00e3o \u201cAteli\u00ea Arte Lavrinha\u201d<\/p>\n\n\n\n<p>Inaugurada em outubro de 2024, a mostra \u00e9 fruto de uma parceria entre a Reserva Particular do Patrim\u00f4nio Natural (RPPN) Ave Lavrinha e a Esta\u00e7\u00e3o Jaqueira, com curadoria de Nietta Monte, Carlos Feij\u00f3 e Deni Cl\u00e1udio. A iniciativa busca, sobretudo, valorizar a produ\u00e7\u00e3o art\u00edstica de pessoas com defici\u00eancia, muitas vezes ausentes dos espa\u00e7os convencionais da arte contempor\u00e2nea.<\/p>\n\n\n\n<p>A mostra \u00e9 dividida em duas salas; a primeira apresenta pinturas e desenhos de tr\u00eas artistas PCDs, com temas que exploram tem\u00e1ticas como paisagens, tempo, espa\u00e7o e a rela\u00e7\u00e3o entre o sagrado e o cotidiano. Na segunda, os visitantes t\u00eam a oportunidade de interagir com as obras atrav\u00e9s da s\u00e9rie \u201cVidros\u201d, composta por recipientes pintados que interagem com a luz natural, e a s\u00e9rie \u201cBichos\u201d, que traz m\u00e1scaras de papietagem, representando o di\u00e1logo entre o humano e o animal.<\/p>\n\n\n\n<p>A exposi\u00e7\u00e3o tamb\u00e9m inclui as s\u00e9ries \u201cFaces\u201d, com rostos moldados em papier-m\u00e2ch\u00e9 que apresentam a diversidade dos artistas e suas express\u00f5es, e \u201cCaba\u00e7as\u201d, que faz refer\u00eancia a objetos tradicionalmente usados para armazenar \u00e1gua, mas que assumem um car\u00e1ter simb\u00f3lico relacionado \u00e0 cultura e aos elementos naturais.<\/p>\n\n\n\n<p>Al\u00e9m de promover o trabalho de artistas com defici\u00eancia, a exposi\u00e7\u00e3o \u201cAteli\u00ea Arte Lavrinha\u201d tem grande impacto social. Realizada na Esta\u00e7\u00e3o Jaqueira \u2013 um espa\u00e7o reconstru\u00eddo ap\u00f3s a trag\u00e9dia clim\u00e1tica de 2011 \u2013 a mostra contribui para a descentraliza\u00e7\u00e3o da cultura em Petr\u00f3polis, levando arte a comunidades fora do circuito tradicional. O espa\u00e7o cultural tamb\u00e9m oferece oficinas gratuitas aos s\u00e1bados, onde os visitantes podem criar suas pr\u00f3prias \u201cCartas Visuais\u201d, inspiradas nas obras da exposi\u00e7\u00e3o. A atividade \u00e9 aberta a pessoas de todas as idades.<\/p>\n\n\n\n<p>Servi\u00e7o &#8211; Exposi\u00e7\u00e3o \u201cAteli\u00ea Arte Lavrinha\u201d<br>Em exibi\u00e7\u00e3o at\u00e9 25 de maio<br>Hor\u00e1rios: S\u00e1bados, das 11h \u00e0s 13h<br>Local: Esta\u00e7\u00e3o Jaqueira \u2013 Estrada Ministro Salgado Filho, 2781, Vale do Cuiab\u00e1, Petr\u00f3polis<br>Agendamentos: WhatsApp (21) 97205-2041<br>Entrada gratuita<\/p>\n\n\n\n<p>Foto: divulga\u00e7\u00e3o <\/p>\n","protected":false},"excerpt":{"rendered":"<p>A Esta\u00e7\u00e3o Jaqueira, situada no Vale do Cuiab\u00e1, em Petr\u00f3polis, foi indicada pela segunda vez<\/p>\n","protected":false},"author":2,"featured_media":101164,"comment_status":"open","ping_status":"open","sticky":false,"template":"","format":"standard","meta":{"footnotes":""},"categories":[12],"tags":[],"class_list":["post-101163","post","type-post","status-publish","format-standard","has-post-thumbnail","hentry","category-cidade"],"_links":{"self":[{"href":"https:\/\/tvc16.com\/portal\/wp-json\/wp\/v2\/posts\/101163","targetHints":{"allow":["GET"]}}],"collection":[{"href":"https:\/\/tvc16.com\/portal\/wp-json\/wp\/v2\/posts"}],"about":[{"href":"https:\/\/tvc16.com\/portal\/wp-json\/wp\/v2\/types\/post"}],"author":[{"embeddable":true,"href":"https:\/\/tvc16.com\/portal\/wp-json\/wp\/v2\/users\/2"}],"replies":[{"embeddable":true,"href":"https:\/\/tvc16.com\/portal\/wp-json\/wp\/v2\/comments?post=101163"}],"version-history":[{"count":1,"href":"https:\/\/tvc16.com\/portal\/wp-json\/wp\/v2\/posts\/101163\/revisions"}],"predecessor-version":[{"id":101165,"href":"https:\/\/tvc16.com\/portal\/wp-json\/wp\/v2\/posts\/101163\/revisions\/101165"}],"wp:featuredmedia":[{"embeddable":true,"href":"https:\/\/tvc16.com\/portal\/wp-json\/wp\/v2\/media\/101164"}],"wp:attachment":[{"href":"https:\/\/tvc16.com\/portal\/wp-json\/wp\/v2\/media?parent=101163"}],"wp:term":[{"taxonomy":"category","embeddable":true,"href":"https:\/\/tvc16.com\/portal\/wp-json\/wp\/v2\/categories?post=101163"},{"taxonomy":"post_tag","embeddable":true,"href":"https:\/\/tvc16.com\/portal\/wp-json\/wp\/v2\/tags?post=101163"}],"curies":[{"name":"wp","href":"https:\/\/api.w.org\/{rel}","templated":true}]}}