{"id":101169,"date":"2025-03-22T05:00:00","date_gmt":"2025-03-22T08:00:00","guid":{"rendered":"https:\/\/tvc16.com\/portal\/?p=101169"},"modified":"2025-03-21T15:53:26","modified_gmt":"2025-03-21T18:53:26","slug":"caminha-down-acontece-no-domingo-23-em-petropolis","status":"publish","type":"post","link":"https:\/\/tvc16.com\/portal\/2025\/03\/22\/caminha-down-acontece-no-domingo-23-em-petropolis\/","title":{"rendered":"Caminha Down acontece no domingo (23) em Petr\u00f3polis"},"content":{"rendered":"\n<p>Para celebrar o Dia Internacional da S\u00edndrome de Down (21 de mar\u00e7o), a Prefeitura vem realizando uma s\u00e9rie de a\u00e7\u00f5es. Apresenta\u00e7\u00e3o de filme, visitas as institui\u00e7\u00f5es que atendem as pessoas com down e a Caminha Down, que acontece no domingo, dia 23, fazem parte das atividades em alus\u00e3o a data.<\/p>\n\n\n\n<p>\u201cEsse \u00e9 um momento para sensibilizar a sociedade quanto aos direitos, ao bem-estar e \u00e0 inclus\u00e3o desses cidad\u00e3os para garantir que elas tenham as mesmas liberdades e oportunidades de todos\u201d, disse o prefeito Hingo Hammes, convidando a todos para participarem da Caminha Down. \u201cSer\u00e1 um evento inclusivo promovendo a integra\u00e7\u00e3o, acessibilidade e divers\u00e3o\u201d, ressaltou o prefeito.<\/p>\n\n\n\n<p>Hoje, Dia Internacional da S\u00edndrome de Dow, servidoras de diversas unidades da Secretaria de Educa\u00e7\u00e3o acompanharam a exibi\u00e7\u00e3o do filme \u201cMarca\u00e7\u00e3o Cerrada\u201d, na Casa da Educa\u00e7\u00e3o Visconde de Mau\u00e1. Depois elas participaram de um debate com os atores e com o diretor e cineasta Rodolfo Medeiros. A produ\u00e7\u00e3o, realizada por profissionais de Petr\u00f3polis, contou com elenco formado por pessoas com s\u00edndrome de Down e abordou o direito \u00e0 independ\u00eancia e a import\u00e2ncia da inclus\u00e3o. J\u00e1 na quarta-feira, dia 19, tamb\u00e9m na Casa da Educa\u00e7\u00e3o, aconteceu uma palestra com pedagogas da APAE, que compartilharam experi\u00eancias relacionadas ao atendimento educacional especializado.<\/p>\n\n\n\n<p>Para quem quer participar da Caminha Down, a concentra\u00e7\u00e3o est\u00e1 marcada para \u00e0s 9h no Pal\u00e1cio de Cristal, no Centro, com in\u00edcio da caminhada \u00e0s 9h30. Os participantes dar\u00e3o uma volta completa no quarteir\u00e3o, seguindo pelas ruas Alfredo Pach\u00e1 e Padre Siqueira e finalizando na entrada do pal\u00e1cio. Ap\u00f3s a caminhada haver\u00e1 atividades no Pal\u00e1cio de Cristal.<\/p>\n\n\n\n<p>A Caminha Down \u00e9 uma realiza\u00e7\u00e3o da Prefeitura de Petr\u00f3polis, por meio das secretarias da Pessoa com Defici\u00eancia, de Esporte e de Cultura, em parceria com projeto Gigi, APAE, Projeto Andorinhas e Coral dos Anjos.<\/p>\n\n\n\n<p>As a\u00e7\u00f5es continuam ao longo da pr\u00f3xima semana, o secret\u00e1rio da Pessoa com Defici\u00eancia, Mobilidade Reduzida e Doen\u00e7as Raras, Leandro Kronenberger, vai visitar institui\u00e7\u00f5es que atendem pessoas com s\u00edndrome de Down. \u201cNosso objetivo com essas visitas \u00e9 colocar a secretaria a disposi\u00e7\u00e3o dessas entidades e fortalecer as parcerias. Tamb\u00e9m vamos atuar auxiliando essas institui\u00e7\u00f5es e fazendo uma ponte com outras secretarias e avan\u00e7ar na presta\u00e7\u00e3o de servi\u00e7os e na cria\u00e7\u00e3o de pol\u00edticas p\u00fablicas\u201d, ressaltou o secret\u00e1rio.<\/p>\n\n\n\n<p>Circuito de Esporte e Lazer<br>Para garantir o atendimento a caminhada e n\u00e3o afetar o tr\u00e2nsito nas ruas do Centro, no domingo, dia 23, o Circuito de Esportes e Lazer vai funcionar apenas na Avenida Bar\u00e3o do Rio Branco, das 7h \u00e0s 16h.<\/p>\n\n\n\n<p>Foto: divulga\u00e7\u00e3o <\/p>\n","protected":false},"excerpt":{"rendered":"<p>Para celebrar o Dia Internacional da S\u00edndrome de Down (21 de mar\u00e7o), a Prefeitura vem<\/p>\n","protected":false},"author":2,"featured_media":101170,"comment_status":"open","ping_status":"open","sticky":false,"template":"","format":"standard","meta":{"footnotes":""},"categories":[12],"tags":[],"class_list":["post-101169","post","type-post","status-publish","format-standard","has-post-thumbnail","hentry","category-cidade"],"_links":{"self":[{"href":"https:\/\/tvc16.com\/portal\/wp-json\/wp\/v2\/posts\/101169","targetHints":{"allow":["GET"]}}],"collection":[{"href":"https:\/\/tvc16.com\/portal\/wp-json\/wp\/v2\/posts"}],"about":[{"href":"https:\/\/tvc16.com\/portal\/wp-json\/wp\/v2\/types\/post"}],"author":[{"embeddable":true,"href":"https:\/\/tvc16.com\/portal\/wp-json\/wp\/v2\/users\/2"}],"replies":[{"embeddable":true,"href":"https:\/\/tvc16.com\/portal\/wp-json\/wp\/v2\/comments?post=101169"}],"version-history":[{"count":1,"href":"https:\/\/tvc16.com\/portal\/wp-json\/wp\/v2\/posts\/101169\/revisions"}],"predecessor-version":[{"id":101171,"href":"https:\/\/tvc16.com\/portal\/wp-json\/wp\/v2\/posts\/101169\/revisions\/101171"}],"wp:featuredmedia":[{"embeddable":true,"href":"https:\/\/tvc16.com\/portal\/wp-json\/wp\/v2\/media\/101170"}],"wp:attachment":[{"href":"https:\/\/tvc16.com\/portal\/wp-json\/wp\/v2\/media?parent=101169"}],"wp:term":[{"taxonomy":"category","embeddable":true,"href":"https:\/\/tvc16.com\/portal\/wp-json\/wp\/v2\/categories?post=101169"},{"taxonomy":"post_tag","embeddable":true,"href":"https:\/\/tvc16.com\/portal\/wp-json\/wp\/v2\/tags?post=101169"}],"curies":[{"name":"wp","href":"https:\/\/api.w.org\/{rel}","templated":true}]}}